{"id":23286,"date":"2026-09-02T22:47:42","date_gmt":"2026-09-03T02:47:42","guid":{"rendered":"https:\/\/divulguems.com.br\/?p=23286"},"modified":"2026-09-02T22:47:42","modified_gmt":"2026-09-03T02:47:42","slug":"veja-como-foi-a-quarta-feira-2-dos-candidatos-a-presidente","status":"publish","type":"post","link":"https:\/\/divulguems.com.br\/?p=23286","title":{"rendered":"Veja como foi a quarta-feira (2) dos candidatos a presidente"},"content":{"rendered":"<\/p>\n<p><a class=\"\" href=\"https:\/\/agenciabrasil.ebc.com.br\/politica\/noticia\/2026-09\/veja-como-foi-quarta-feira-2-dos-candidatos-presidente\"><br \/>\n                    <img decoding=\"async\" src=\"https:\/\/cdn.jsdelivr.net\/gh\/sergiosdlima\/assets-ebc@1.0.0\/abr\/assets\/images\/logo-agenciabrasil.svg\" alt=\"Logo Ag\u00eancia Brasil\"><br \/>\n\t\t\t\t<\/a><\/p>\n<p>A agenda dos presidenci\u00e1veis nesta quarta-feira (2) incluiu entrevistas e sabatinas, al\u00e9m de visitas a institui\u00e7\u00f5es e mercados, caminhadas,\u00a0encontros com diferentes segmentos da popula\u00e7\u00e3o e atividades partid\u00e1rias.<img decoding=\"async\" src=\"https:\/\/agenciabrasil.ebc.com.br\/ebc.png?id=1701410&#038;o=rss\"><img decoding=\"async\" src=\"https:\/\/agenciabrasil.ebc.com.br\/ebc.gif?id=1701410&#038;o=rss\"><\/p>\n<h2>>> Veja como foi o dia dos candidatos a presidente:<\/h2>\n<p><strong>Rui Costa Pimenta (PCO)<\/strong><br \/>\nO candidato Rui Costa Pimenta\u00a0n\u00e3o teve agenda p\u00fablica de campanha.<\/p>\n<\/p>\n<h3>Not\u00edcias relacionadas:<\/h3>\n<ul>\n<li><a href=\"https:\/\/agenciabrasil.ebc.com.br\/justica\/noticia\/2026-09\/tse-e-dpu-ampliam-assistencia-gratuita-nas-eleicoes\">TSE e DPU ampliam assist\u00eancia gratuita remota nas elei\u00e7\u00f5es.<\/a><\/li>\n<li><a href=\"https:\/\/agenciabrasil.ebc.com.br\/justica\/noticia\/2026-09\/tre-rj-cassa-registro-da-candidatura-do-deputado-estadual-val-ceasa\">TRE-RJ cassa registro da candidatura do deputado estadual Val Ceasa.<\/a><\/li>\n<\/ul>\n<p><strong>Samara Martins (UP)<\/strong><br \/>\nA candidata Samara Martins cumpriu agenda no Rio de Janeiro, onde participou de reuni\u00e3o com estudantes e trabalhadores em frente ao Hospital Clementino Fraga Filho, da UFRJ, na Ilha do Fund\u00e3o, e visitou o restaurante universit\u00e1rio.<\/p>\n<p><strong>Wilson Grassi (Democrata)<\/strong><br \/>\nO candidato protestou, em frente ao Tribunal Superior Eleitoral (TSE),\u00a0em Bras\u00edlia, contra a suspens\u00e3o de sua campanha nas redes sociais. A medida foi tomada pelo ministro Dias Toffoli.\u00a0<\/p>\n<p>Ele voltou a afirmar que a medida \u00e9 desproporcional e que sua campanha \u00e9 totalmente realizada por meio das redes sociais, sem uso de recursos do fundo eleitoral, o que impede que ele siga apresentando sua candidatura aos eleitores.<\/p>\n<p><strong>Augusto Cury (Avante)<\/strong><br \/>\nEm S\u00e3o Paulo, o candidato Augusto Cury\u00a0visitou\u00a0a Federa\u00e7\u00e3o Israelita do Estado de S\u00e3o Paulo (Fisesp), onde participou de um encontro com representantes da comunidade judaica.<\/p>\n<p>Na conversa, Cury defendeu a\u00a0pacifica\u00e7\u00e3o e o combate\u00a0\u00e0\u00a0&#8220;viol\u00eancia contra a cultura, contra o desenvolvimento da personalidade&#8221;. &#8220;Todo o preconceito deve ser trabalhado de maneira intensa\u201d.<\/p>\n<p><strong>Clariana Bar\u00e3o (Democracia Crist\u00e3)<\/strong><br \/>\nA candidata Clariana Bar\u00e3o\u00a0cumpriu agenda em S\u00e3o Paulo, onde\u00a0participou de programas de r\u00e1dio e TV.<\/p>\n<p>Ela visitou a\u00a0regi\u00e3o do Br\u00e1s, no centro da capital paulista, e conversou\u00a0com os lojistas e comerciantes locais. A candidata esteve tamb\u00e9m na Casa da Mulher Brasileira, que auxilia mulheres em situa\u00e7\u00e3o de viol\u00eancia dom\u00e9stica.<\/p>\n<p><strong>Edmilson Costa (PCB)<\/strong><br \/>\nO candidato Edmilson Costa cumpriu agenda da secretaria-geral do PCB em Lisboa.<\/p>\n<p><strong>Fl\u00e1vio Bolsonaro (PL)<\/strong><br \/>\nO candidato Fl\u00e1vio Bolsonaro n\u00e3o teve agenda p\u00fablica de campanha.<\/p>\n<p><strong>Hertz Dias (PSTU)<\/strong><br \/>\nO candidato Hertz Dias n\u00e3o teve agenda p\u00fablica de campanha.<\/p>\n<p><strong>Luiz In\u00e1cio Lula da Silva (PT)<\/strong><br \/>\nO candidato Luiz In\u00e1cio Lula da Silva n\u00e3o teve agenda p\u00fablica de campanha.<\/p>\n<p><strong>Renan Santos (Miss\u00e3o)<\/strong><br \/>\nO candidato Renan Santos n\u00e3o teve agenda p\u00fablica de campanha.<\/p>\n<p><strong>Romeu Zema (Novo)<\/strong><br \/>\nO candidato Romeu Zema participou de encontro com motoristas de aplicativo, no centro de S\u00e3o Paulo. Ele defendeu a livre negocia\u00e7\u00e3o entre empresas e trabalhadores.<\/p>\n<p>&#8220;Eu acredito muito na livre negocia\u00e7\u00e3o entre as partes. Agora, \u00e9 preciso\u00a0haver uma negocia\u00e7\u00e3o que seja clara. Todo representante comercial sabe o que ele vai ganhar de comiss\u00e3o. Os motoristas de aplicativo nem sempre, dependendo da empresa. Isso seria\u00a0algo mais do que necess\u00e1rio&#8221;, completou.\u00a0<\/p>\n<p><strong>Ronaldo Caiado (PSD)<\/strong><br \/>\nO\u00a0candidato Ronaldo Caiado\u00a0concedeu entrevista \u00e0 r\u00e1dio Metropolitana 90.5 FM, em S\u00e3o Paulo.<\/p>\n<p>Ele visitou o Mercado Municipal de Pinheiros (SP), onde conversou com lojistas e consumidores e disse que, se eleito, pretende reduzir a taxa de juros a 7%.\u00a0<\/p>\n<p>\u201cO pequeno empres\u00e1rio diz que n\u00e3o fecha a conta no final do m\u00eas e tem demitido&#8221;, disse.\u00a0<\/p>\n<p>\nA ordem de apresenta\u00e7\u00e3o da cobertura da agenda dos candidatos a presidente segue rod\u00edzio di\u00e1rio em ordem alfab\u00e9tica.<\/p>\n<p><em>* Colaboraram Douglas C\u00f4rrea (Rio de Janeiro), Fl\u00e1via Albuquerque (S\u00e3o Paulo) e Luciano Nascimento (S\u00e3o Lu\u00eds)<\/em><\/p>\n","protected":false},"excerpt":{"rendered":"<p>A agenda dos presidenci\u00e1veis nesta quarta-feira (2) incluiu entrevistas e sabatinas, al\u00e9m de visitas a institui\u00e7\u00f5es e mercados, caminhadas,\u00a0encontros com diferentes segmentos da popula\u00e7\u00e3o e atividades partid\u00e1rias. >> Veja como foi o dia dos candidatos a presidente: Rui Costa Pimenta (PCO) O candidato Rui Costa Pimenta\u00a0n\u00e3o teve agenda p\u00fablica de campanha. Not\u00edcias relacionadas: TSE e [&hellip;]<\/p>\n","protected":false},"author":1,"featured_media":23287,"comment_status":"open","ping_status":"open","sticky":false,"template":"","format":"standard","meta":{"site-sidebar-layout":"default","site-content-layout":"","ast-site-content-layout":"default","site-content-style":"default","site-sidebar-style":"default","ast-global-header-display":"","ast-banner-title-visibility":"","ast-main-header-display":"","ast-hfb-above-header-display":"","ast-hfb-below-header-display":"","ast-hfb-mobile-header-display":"","site-post-title":"","ast-breadcrumbs-content":"","ast-featured-img":"","footer-sml-layout":"","ast-disable-related-posts":"","theme-transparent-header-meta":"","adv-header-id-meta":"","stick-header-meta":"","header-above-stick-meta":"","header-main-stick-meta":"","header-below-stick-meta":"","astra-migrate-meta-layouts":"default","ast-page-background-enabled":"default","ast-page-background-meta":{"desktop":{"background-color":"var(--ast-global-color-4)","background-image":"","background-repeat":"repeat","background-position":"center center","background-size":"auto","background-attachment":"scroll","background-type":"","background-media":"","overlay-type":"","overlay-color":"","overlay-opacity":"","overlay-gradient":""},"tablet":{"background-color":"","background-image":"","background-repeat":"repeat","background-position":"center center","background-size":"auto","background-attachment":"scroll","background-type":"","background-media":"","overlay-type":"","overlay-color":"","overlay-opacity":"","overlay-gradient":""},"mobile":{"background-color":"","background-image":"","background-repeat":"repeat","background-position":"center center","background-size":"auto","background-attachment":"scroll","background-type":"","background-media":"","overlay-type":"","overlay-color":"","overlay-opacity":"","overlay-gradient":""}},"ast-content-background-meta":{"desktop":{"background-color":"var(--ast-global-color-5)","background-image":"","background-repeat":"repeat","background-position":"center center","background-size":"auto","background-attachment":"scroll","background-type":"","background-media":"","overlay-type":"","overlay-color":"","overlay-opacity":"","overlay-gradient":""},"tablet":{"background-color":"var(--ast-global-color-5)","background-image":"","background-repeat":"repeat","background-position":"center center","background-size":"auto","background-attachment":"scroll","background-type":"","background-media":"","overlay-type":"","overlay-color":"","overlay-opacity":"","overlay-gradient":""},"mobile":{"background-color":"var(--ast-global-color-5)","background-image":"","background-repeat":"repeat","background-position":"center center","background-size":"auto","background-attachment":"scroll","background-type":"","background-media":"","overlay-type":"","overlay-color":"","overlay-opacity":"","overlay-gradient":""}},"footnotes":""},"categories":[17],"tags":[],"class_list":["post-23286","post","type-post","status-publish","format-standard","has-post-thumbnail","hentry","category-tecnologia-e-informacao"],"yoast_head":"<!-- This site is optimized with the Yoast SEO Premium plugin v23.6 (Yoast SEO v28.1) - https:\/\/yoast.com\/product\/yoast-seo-premium-wordpress\/ -->\n<title>Veja como foi a quarta-feira (2) dos candidatos a presidente - Divulgue MS<\/title>\n<meta name=\"robots\" content=\"index, follow, max-snippet:-1, max-image-preview:large, max-video-preview:-1\" \/>\n<link rel=\"canonical\" href=\"https:\/\/divulguems.com.br\/?p=23286\" \/>\n<meta property=\"og:locale\" content=\"pt_BR\" \/>\n<meta property=\"og:type\" content=\"article\" \/>\n<meta property=\"og:title\" content=\"Veja como foi a quarta-feira (2) dos candidatos a presidente\" \/>\n<meta property=\"og:description\" content=\"A agenda dos presidenci\u00e1veis nesta quarta-feira (2) incluiu entrevistas e sabatinas, al\u00e9m de visitas a institui\u00e7\u00f5es e mercados, caminhadas,\u00a0encontros com diferentes segmentos da popula\u00e7\u00e3o e atividades partid\u00e1rias. &gt;&gt; Veja como foi o dia dos candidatos a presidente: Rui Costa Pimenta (PCO) O candidato Rui Costa Pimenta\u00a0n\u00e3o teve agenda p\u00fablica de campanha. Not\u00edcias relacionadas: TSE e [&hellip;]\" \/>\n<meta property=\"og:url\" content=\"https:\/\/divulguems.com.br\/?p=23286\" \/>\n<meta property=\"og:site_name\" content=\"Divulgue MS\" \/>\n<meta property=\"article:publisher\" content=\"https:\/\/www.facebook.com\/portalinfocobrasil\" \/>\n<meta property=\"article:published_time\" content=\"2026-09-03T02:47:42+00:00\" \/>\n<meta property=\"og:image\" content=\"https:\/\/cdn.jsdelivr.net\/gh\/sergiosdlima\/assets-ebc@1.0.0\/abr\/assets\/images\/logo-agenciabrasil.svg\" \/>\n<meta name=\"author\" content=\"gestormovie\" \/>\n<meta name=\"twitter:card\" content=\"summary_large_image\" \/>\n<meta name=\"twitter:label1\" content=\"Escrito por\" \/>\n\t<meta name=\"twitter:data1\" content=\"gestormovie\" \/>\n\t<meta name=\"twitter:label2\" content=\"Est. tempo de leitura\" \/>\n\t<meta name=\"twitter:data2\" content=\"3 minutos\" \/>\n<script type=\"application\/ld+json\" class=\"yoast-schema-graph\">{\"@context\":\"https:\\\/\\\/schema.org\",\"@graph\":[{\"@type\":\"Article\",\"@id\":\"https:\\\/\\\/divulguems.com.br\\\/?p=23286#article\",\"isPartOf\":{\"@id\":\"https:\\\/\\\/divulguems.com.br\\\/?p=23286\"},\"author\":{\"name\":\"gestormovie\",\"@id\":\"https:\\\/\\\/divulguems.com.br\\\/#\\\/schema\\\/person\\\/85cb29f0608083b8ae66501ac547eec3\"},\"headline\":\"Veja como foi a quarta-feira (2) dos candidatos a presidente\",\"datePublished\":\"2026-09-03T02:47:42+00:00\",\"mainEntityOfPage\":{\"@id\":\"https:\\\/\\\/divulguems.com.br\\\/?p=23286\"},\"wordCount\":603,\"commentCount\":0,\"publisher\":{\"@id\":\"https:\\\/\\\/divulguems.com.br\\\/#organization\"},\"image\":{\"@id\":\"https:\\\/\\\/divulguems.com.br\\\/?p=23286#primaryimage\"},\"thumbnailUrl\":\"https:\\\/\\\/divulguems.com.br\\\/wp-content\\\/uploads\\\/2026\\\/09\\\/23286-veja-como-foi-a-quarta-feira-2-dos-candidatos-a-presidente.png\",\"articleSection\":[\"Tecnologia e Inova\u00e7\u00e3o\"],\"inLanguage\":\"pt-BR\",\"potentialAction\":[{\"@type\":\"CommentAction\",\"name\":\"Comment\",\"target\":[\"https:\\\/\\\/divulguems.com.br\\\/?p=23286#respond\"]}]},{\"@type\":\"WebPage\",\"@id\":\"https:\\\/\\\/divulguems.com.br\\\/?p=23286\",\"url\":\"https:\\\/\\\/divulguems.com.br\\\/?p=23286\",\"name\":\"Veja como foi a quarta-feira (2) dos candidatos a presidente - Divulgue MS\",\"isPartOf\":{\"@id\":\"https:\\\/\\\/divulguems.com.br\\\/#website\"},\"primaryImageOfPage\":{\"@id\":\"https:\\\/\\\/divulguems.com.br\\\/?p=23286#primaryimage\"},\"image\":{\"@id\":\"https:\\\/\\\/divulguems.com.br\\\/?p=23286#primaryimage\"},\"thumbnailUrl\":\"https:\\\/\\\/divulguems.com.br\\\/wp-content\\\/uploads\\\/2026\\\/09\\\/23286-veja-como-foi-a-quarta-feira-2-dos-candidatos-a-presidente.png\",\"datePublished\":\"2026-09-03T02:47:42+00:00\",\"breadcrumb\":{\"@id\":\"https:\\\/\\\/divulguems.com.br\\\/?p=23286#breadcrumb\"},\"inLanguage\":\"pt-BR\",\"potentialAction\":[{\"@type\":\"ReadAction\",\"target\":[\"https:\\\/\\\/divulguems.com.br\\\/?p=23286\"]}]},{\"@type\":\"ImageObject\",\"inLanguage\":\"pt-BR\",\"@id\":\"https:\\\/\\\/divulguems.com.br\\\/?p=23286#primaryimage\",\"url\":\"https:\\\/\\\/divulguems.com.br\\\/wp-content\\\/uploads\\\/2026\\\/09\\\/23286-veja-como-foi-a-quarta-feira-2-dos-candidatos-a-presidente.png\",\"contentUrl\":\"https:\\\/\\\/divulguems.com.br\\\/wp-content\\\/uploads\\\/2026\\\/09\\\/23286-veja-como-foi-a-quarta-feira-2-dos-candidatos-a-presidente.png\",\"width\":1600,\"height\":800,\"caption\":\"Veja como foi a quarta-feira (2) dos candidatos a presidente\"},{\"@type\":\"BreadcrumbList\",\"@id\":\"https:\\\/\\\/divulguems.com.br\\\/?p=23286#breadcrumb\",\"itemListElement\":[{\"@type\":\"ListItem\",\"position\":1,\"name\":\"In\u00edcio\",\"item\":\"https:\\\/\\\/divulguems.com.br\\\/\"},{\"@type\":\"ListItem\",\"position\":2,\"name\":\"Veja como foi a quarta-feira (2) dos candidatos a presidente\"}]},{\"@type\":\"WebSite\",\"@id\":\"https:\\\/\\\/divulguems.com.br\\\/#website\",\"url\":\"https:\\\/\\\/divulguems.com.br\\\/\",\"name\":\"Portal Infoco Brasil\",\"description\":\"L\u00edder de audi\u00eancia.\",\"publisher\":{\"@id\":\"https:\\\/\\\/divulguems.com.br\\\/#organization\"},\"potentialAction\":[{\"@type\":\"SearchAction\",\"target\":{\"@type\":\"EntryPoint\",\"urlTemplate\":\"https:\\\/\\\/divulguems.com.br\\\/?s={search_term_string}\"},\"query-input\":{\"@type\":\"PropertyValueSpecification\",\"valueRequired\":true,\"valueName\":\"search_term_string\"}}],\"inLanguage\":\"pt-BR\"},{\"@type\":\"Organization\",\"@id\":\"https:\\\/\\\/divulguems.com.br\\\/#organization\",\"name\":\"Portal Infoco Brasil\",\"url\":\"https:\\\/\\\/divulguems.com.br\\\/\",\"logo\":{\"@type\":\"ImageObject\",\"inLanguage\":\"pt-BR\",\"@id\":\"https:\\\/\\\/divulguems.com.br\\\/#\\\/schema\\\/logo\\\/image\\\/\",\"url\":\"https:\\\/\\\/divulguems.com.br\\\/wp-content\\\/uploads\\\/2025\\\/04\\\/LOGO-PNG-AZUL.png\",\"contentUrl\":\"https:\\\/\\\/divulguems.com.br\\\/wp-content\\\/uploads\\\/2025\\\/04\\\/LOGO-PNG-AZUL.png\",\"width\":1166,\"height\":475,\"caption\":\"Portal Infoco Brasil\"},\"image\":{\"@id\":\"https:\\\/\\\/divulguems.com.br\\\/#\\\/schema\\\/logo\\\/image\\\/\"},\"sameAs\":[\"https:\\\/\\\/www.facebook.com\\\/portalinfocobrasil\",\"https:\\\/\\\/www.instagram.com\\\/portalinfocobrasil\"]},{\"@type\":\"Person\",\"@id\":\"https:\\\/\\\/divulguems.com.br\\\/#\\\/schema\\\/person\\\/85cb29f0608083b8ae66501ac547eec3\",\"name\":\"gestormovie\",\"image\":{\"@type\":\"ImageObject\",\"inLanguage\":\"pt-BR\",\"@id\":\"https:\\\/\\\/secure.gravatar.com\\\/avatar\\\/1a363cacdce58d5745359cac63cadf7cee0b34c09ab5adc6e07dafbc1ad3ceef?s=96&d=mm&r=g\",\"url\":\"https:\\\/\\\/secure.gravatar.com\\\/avatar\\\/1a363cacdce58d5745359cac63cadf7cee0b34c09ab5adc6e07dafbc1ad3ceef?s=96&d=mm&r=g\",\"contentUrl\":\"https:\\\/\\\/secure.gravatar.com\\\/avatar\\\/1a363cacdce58d5745359cac63cadf7cee0b34c09ab5adc6e07dafbc1ad3ceef?s=96&d=mm&r=g\",\"caption\":\"gestormovie\"},\"sameAs\":[\"https:\\\/\\\/divulguems.com.br\"],\"url\":\"https:\\\/\\\/divulguems.com.br\\\/?author=1\"}]}<\/script>\n<!-- \/ Yoast SEO Premium plugin. -->","yoast_head_json":{"title":"Veja como foi a quarta-feira (2) dos candidatos a presidente - Divulgue MS","robots":{"index":"index","follow":"follow","max-snippet":"max-snippet:-1","max-image-preview":"max-image-preview:large","max-video-preview":"max-video-preview:-1"},"canonical":"https:\/\/divulguems.com.br\/?p=23286","og_locale":"pt_BR","og_type":"article","og_title":"Veja como foi a quarta-feira (2) dos candidatos a presidente","og_description":"A agenda dos presidenci\u00e1veis nesta quarta-feira (2) incluiu entrevistas e sabatinas, al\u00e9m de visitas a institui\u00e7\u00f5es e mercados, caminhadas,\u00a0encontros com diferentes segmentos da popula\u00e7\u00e3o e atividades partid\u00e1rias. >> Veja como foi o dia dos candidatos a presidente: Rui Costa Pimenta (PCO) O candidato Rui Costa Pimenta\u00a0n\u00e3o teve agenda p\u00fablica de campanha. Not\u00edcias relacionadas: TSE e [&hellip;]","og_url":"https:\/\/divulguems.com.br\/?p=23286","og_site_name":"Divulgue MS","article_publisher":"https:\/\/www.facebook.com\/portalinfocobrasil","article_published_time":"2026-09-03T02:47:42+00:00","og_image":[{"url":"https:\/\/cdn.jsdelivr.net\/gh\/sergiosdlima\/assets-ebc@1.0.0\/abr\/assets\/images\/logo-agenciabrasil.svg","type":"","width":"","height":""}],"author":"gestormovie","twitter_card":"summary_large_image","twitter_misc":{"Escrito por":"gestormovie","Est. tempo de leitura":"3 minutos"},"schema":{"@context":"https:\/\/schema.org","@graph":[{"@type":"Article","@id":"https:\/\/divulguems.com.br\/?p=23286#article","isPartOf":{"@id":"https:\/\/divulguems.com.br\/?p=23286"},"author":{"name":"gestormovie","@id":"https:\/\/divulguems.com.br\/#\/schema\/person\/85cb29f0608083b8ae66501ac547eec3"},"headline":"Veja como foi a quarta-feira (2) dos candidatos a presidente","datePublished":"2026-09-03T02:47:42+00:00","mainEntityOfPage":{"@id":"https:\/\/divulguems.com.br\/?p=23286"},"wordCount":603,"commentCount":0,"publisher":{"@id":"https:\/\/divulguems.com.br\/#organization"},"image":{"@id":"https:\/\/divulguems.com.br\/?p=23286#primaryimage"},"thumbnailUrl":"https:\/\/divulguems.com.br\/wp-content\/uploads\/2026\/09\/23286-veja-como-foi-a-quarta-feira-2-dos-candidatos-a-presidente.png","articleSection":["Tecnologia e Inova\u00e7\u00e3o"],"inLanguage":"pt-BR","potentialAction":[{"@type":"CommentAction","name":"Comment","target":["https:\/\/divulguems.com.br\/?p=23286#respond"]}]},{"@type":"WebPage","@id":"https:\/\/divulguems.com.br\/?p=23286","url":"https:\/\/divulguems.com.br\/?p=23286","name":"Veja como foi a quarta-feira (2) dos candidatos a presidente - Divulgue MS","isPartOf":{"@id":"https:\/\/divulguems.com.br\/#website"},"primaryImageOfPage":{"@id":"https:\/\/divulguems.com.br\/?p=23286#primaryimage"},"image":{"@id":"https:\/\/divulguems.com.br\/?p=23286#primaryimage"},"thumbnailUrl":"https:\/\/divulguems.com.br\/wp-content\/uploads\/2026\/09\/23286-veja-como-foi-a-quarta-feira-2-dos-candidatos-a-presidente.png","datePublished":"2026-09-03T02:47:42+00:00","breadcrumb":{"@id":"https:\/\/divulguems.com.br\/?p=23286#breadcrumb"},"inLanguage":"pt-BR","potentialAction":[{"@type":"ReadAction","target":["https:\/\/divulguems.com.br\/?p=23286"]}]},{"@type":"ImageObject","inLanguage":"pt-BR","@id":"https:\/\/divulguems.com.br\/?p=23286#primaryimage","url":"https:\/\/divulguems.com.br\/wp-content\/uploads\/2026\/09\/23286-veja-como-foi-a-quarta-feira-2-dos-candidatos-a-presidente.png","contentUrl":"https:\/\/divulguems.com.br\/wp-content\/uploads\/2026\/09\/23286-veja-como-foi-a-quarta-feira-2-dos-candidatos-a-presidente.png","width":1600,"height":800,"caption":"Veja como foi a quarta-feira (2) dos candidatos a presidente"},{"@type":"BreadcrumbList","@id":"https:\/\/divulguems.com.br\/?p=23286#breadcrumb","itemListElement":[{"@type":"ListItem","position":1,"name":"In\u00edcio","item":"https:\/\/divulguems.com.br\/"},{"@type":"ListItem","position":2,"name":"Veja como foi a quarta-feira (2) dos candidatos a presidente"}]},{"@type":"WebSite","@id":"https:\/\/divulguems.com.br\/#website","url":"https:\/\/divulguems.com.br\/","name":"Portal Infoco Brasil","description":"L\u00edder de audi\u00eancia.","publisher":{"@id":"https:\/\/divulguems.com.br\/#organization"},"potentialAction":[{"@type":"SearchAction","target":{"@type":"EntryPoint","urlTemplate":"https:\/\/divulguems.com.br\/?s={search_term_string}"},"query-input":{"@type":"PropertyValueSpecification","valueRequired":true,"valueName":"search_term_string"}}],"inLanguage":"pt-BR"},{"@type":"Organization","@id":"https:\/\/divulguems.com.br\/#organization","name":"Portal Infoco Brasil","url":"https:\/\/divulguems.com.br\/","logo":{"@type":"ImageObject","inLanguage":"pt-BR","@id":"https:\/\/divulguems.com.br\/#\/schema\/logo\/image\/","url":"https:\/\/divulguems.com.br\/wp-content\/uploads\/2025\/04\/LOGO-PNG-AZUL.png","contentUrl":"https:\/\/divulguems.com.br\/wp-content\/uploads\/2025\/04\/LOGO-PNG-AZUL.png","width":1166,"height":475,"caption":"Portal Infoco Brasil"},"image":{"@id":"https:\/\/divulguems.com.br\/#\/schema\/logo\/image\/"},"sameAs":["https:\/\/www.facebook.com\/portalinfocobrasil","https:\/\/www.instagram.com\/portalinfocobrasil"]},{"@type":"Person","@id":"https:\/\/divulguems.com.br\/#\/schema\/person\/85cb29f0608083b8ae66501ac547eec3","name":"gestormovie","image":{"@type":"ImageObject","inLanguage":"pt-BR","@id":"https:\/\/secure.gravatar.com\/avatar\/1a363cacdce58d5745359cac63cadf7cee0b34c09ab5adc6e07dafbc1ad3ceef?s=96&d=mm&r=g","url":"https:\/\/secure.gravatar.com\/avatar\/1a363cacdce58d5745359cac63cadf7cee0b34c09ab5adc6e07dafbc1ad3ceef?s=96&d=mm&r=g","contentUrl":"https:\/\/secure.gravatar.com\/avatar\/1a363cacdce58d5745359cac63cadf7cee0b34c09ab5adc6e07dafbc1ad3ceef?s=96&d=mm&r=g","caption":"gestormovie"},"sameAs":["https:\/\/divulguems.com.br"],"url":"https:\/\/divulguems.com.br\/?author=1"}]}},"_links":{"self":[{"href":"https:\/\/divulguems.com.br\/index.php?rest_route=\/wp\/v2\/posts\/23286","targetHints":{"allow":["GET"]}}],"collection":[{"href":"https:\/\/divulguems.com.br\/index.php?rest_route=\/wp\/v2\/posts"}],"about":[{"href":"https:\/\/divulguems.com.br\/index.php?rest_route=\/wp\/v2\/types\/post"}],"author":[{"embeddable":true,"href":"https:\/\/divulguems.com.br\/index.php?rest_route=\/wp\/v2\/users\/1"}],"replies":[{"embeddable":true,"href":"https:\/\/divulguems.com.br\/index.php?rest_route=%2Fwp%2Fv2%2Fcomments&post=23286"}],"version-history":[{"count":0,"href":"https:\/\/divulguems.com.br\/index.php?rest_route=\/wp\/v2\/posts\/23286\/revisions"}],"wp:featuredmedia":[{"embeddable":true,"href":"https:\/\/divulguems.com.br\/index.php?rest_route=\/wp\/v2\/media\/23287"}],"wp:attachment":[{"href":"https:\/\/divulguems.com.br\/index.php?rest_route=%2Fwp%2Fv2%2Fmedia&parent=23286"}],"wp:term":[{"taxonomy":"category","embeddable":true,"href":"https:\/\/divulguems.com.br\/index.php?rest_route=%2Fwp%2Fv2%2Fcategories&post=23286"},{"taxonomy":"post_tag","embeddable":true,"href":"https:\/\/divulguems.com.br\/index.php?rest_route=%2Fwp%2Fv2%2Ftags&post=23286"}],"curies":[{"name":"wp","href":"https:\/\/api.w.org\/{rel}","templated":true}]}}