{"id":23288,"date":"2026-09-02T22:47:46","date_gmt":"2026-09-03T02:47:46","guid":{"rendered":"https:\/\/divulguems.com.br\/?p=23288"},"modified":"2026-09-02T22:47:46","modified_gmt":"2026-09-03T02:47:46","slug":"senado-oposicao-obstrui-e-fim-da-escala-6x1-nao-vai-a-plenario","status":"publish","type":"post","link":"https:\/\/divulguems.com.br\/?p=23288","title":{"rendered":"Senado: oposi\u00e7\u00e3o obstrui e fim da escala 6&#215;1 n\u00e3o vai a plen\u00e1rio"},"content":{"rendered":"<\/p>\n<p><a class=\"\" href=\"https:\/\/agenciabrasil.ebc.com.br\/politica\/noticia\/2026-09\/senado-oposicao-obstrui-e-fim-da-escala-6x1-nao-vai-plenario\"><br \/>\n                    <img decoding=\"async\" src=\"https:\/\/cdn.jsdelivr.net\/gh\/sergiosdlima\/assets-ebc@1.0.0\/abr\/assets\/images\/logo-agenciabrasil.svg\" alt=\"Logo Ag\u00eancia Brasil\"><br \/>\n\t\t\t\t<\/a><\/p>\n<p><strong>Sem ter seguran\u00e7a sobre os votos necess\u00e1rios para aprovar a Proposta de Emenda Constitucional (PEC) do fim da escala 6&#215;1 e da redu\u00e7\u00e3o da jornada de trabalho, a base do governo no Senado Federal decidiu n\u00e3o arriscar uma aprecia\u00e7\u00e3o em plen\u00e1rio nesta quarta-feira (2). Com isso, a proposta s\u00f3 deve ser votada ap\u00f3s o 1\u00ba turno das elei\u00e7\u00f5es, em outubro.<\/strong><img decoding=\"async\" src=\"https:\/\/agenciabrasil.ebc.com.br\/ebc.png?id=1701409&#038;o=rss\"><img decoding=\"async\" src=\"https:\/\/agenciabrasil.ebc.com.br\/ebc.gif?id=1701409&#038;o=rss\"><\/p>\n<blockquote>\n<p>&#8220;Hoje, houve um movimento bem sucedido da oposi\u00e7\u00e3o&#8221;, afirmou o l\u00edder do governo no Congresso Nacional, senador Randolfe Rodrigues (PT-AC), referindo-se ao esvaziamento do plen\u00e1rio e \u00e0 consequente impossibilidade de vota\u00e7\u00e3o.\u00a0\u00a0<\/p>\n<\/blockquote>\n<h3>Not\u00edcias relacionadas:<\/h3>\n<ul>\n<li><a href=\"https:\/\/agenciabrasil.ebc.com.br\/politica\/noticia\/2026-09\/ccj-do-senado-aprova-pec-que-acaba-com-jornada-6x1\">CCJ do Senado aprova PEC que acaba com jornada 6&#215;1.<\/a><\/li>\n<li><a href=\"https:\/\/agenciabrasil.ebc.com.br\/politica\/noticia\/2026-09\/escala-6x1-67-apontam-que-jornada-piora-saude-mental-diz-pesquisa\">Escala 6&#215;1: 67% apontam que jornada piora sa\u00fade mental, diz pesquisa.<\/a><\/li>\n<li><a href=\"https:\/\/agenciabrasil.ebc.com.br\/politica\/noticia\/2026-09\/rodrigo-pacheco-ex-presidente-do-senado-sera-ministro-do-tcu\">Rodrigo Pacheco, ex-presidente do Senado, ser\u00e1 ministro do TCU.<\/a><\/li>\n<\/ul>\n<p>Em entrevista \u00e0 imprensa, Randolfe atribuiu a uma &#8220;a\u00e7\u00e3o coordenada&#8221; de oposicionistas &#8211;\u00a0com participa\u00e7\u00e3o direta dos senadores Fl\u00e1vio Bolsonaro (PL-RJ), candidato a presidente da Rep\u00fablica,\u00a0e do l\u00edder da oposi\u00e7\u00e3o, o tamb\u00e9m senador Rog\u00e9rio Marinho (PL-RN) &#8211;\u00a0para desmobilizar a presen\u00e7a dos parlamentares para uma poss\u00edvel vota\u00e7\u00e3o. \u201cA oposi\u00e7\u00e3o ao nosso governo \u00e9 contra o fim da escala 6&#215;1. Ponto\u201d, disse.<\/p>\n<p><strong>O l\u00edder do governo\u00a0afirmou que a oposi\u00e7\u00e3o j\u00e1 havia demonstrado resist\u00eancia na CCJ, onde houve quatro votos contr\u00e1rios \u00e0 proposta.<\/strong><\/p>\n<p><strong>Dos 27 senadores presentes na comiss\u00e3o, quatro registraram votos contr\u00e1rios: Rog\u00e9rio Marinho (PL-RN), Hamilton Mour\u00e3o (Republicanos-RS), Tereza Cristina (PP-MS) e Jaime Bagattoli (PL-RO).<\/strong><\/p>\n<p>Apesar do registro dos votos, a aprova\u00e7\u00e3o da PEC no colegiado se deu de <a href=\"https:\/\/agenciabrasil.ebc.com.br\/politica\/noticia\/2026-09\/ccj-do-senado-aprova-pec-que-acaba-com-jornada-6x1\" target=\"_blank\">forma simb\u00f3lica<\/a>. <strong>A \u00faltima etapa para a aprova\u00e7\u00e3o da mat\u00e9ria \u00e9 justamente a vota\u00e7\u00e3o no plen\u00e1rio do Senado, em dois turnos, com o m\u00ednimo de 49 votos favor\u00e1veis, o que corresponde a 60% do apoio dos 81 senadores.<\/strong><\/p>\n<p>A PEC 221\/2019 prev\u00ea a obrigatoriedade de descanso remunerado de dois dias por semana, sem redu\u00e7\u00e3o salarial, e reduz a atual jornada de trabalho de 44 para 40 horas semanais, com uma regra de transi\u00e7\u00e3o de 14 meses. \u00a0<\/p>\n<p>A CCJ chegou a aprovar um calend\u00e1rio especial para acelerar a tramita\u00e7\u00e3o da proposta, eliminando intervalos regimentais (chamados de interst\u00edcios) e permitindo que a mat\u00e9ria\u00a0pudesse ser votada ainda nesta semana\u00a0no plen\u00e1rio, em regime de urg\u00eancia. <strong>A inclus\u00e3o na pauta do plen\u00e1rio depende do presidente da Casa, Davi Alcolumbre (Uni\u00e3o-AP).<\/strong> \u00a0<\/p>\n<p>Ao ser perguntado sobre isso, o l\u00edder do governo explicou que Alcolumbre questionou os governistas se havia seguran\u00e7a quanto ao n\u00famero de votos. Diante da resposta negativa, governo e presidente do Senado consideraram mais prudente n\u00e3o submeter a PEC, que poderia ser derrotada, principalmente por uma prov\u00e1vel aus\u00eancia de senadores para vot\u00e1-la, o que impediria o alcance do piso m\u00ednimo de apoio.<\/p>\n<p><strong>Randolfe Rodrigues afirmou que o governo estimava ter 53 ou 54 votos favor\u00e1veis, mas que essa margem n\u00e3o oferecia seguran\u00e7a suficiente para colocar a PEC em vota\u00e7\u00e3o. O pr\u00f3ximo esfor\u00e7o concentrado de vota\u00e7\u00f5es no Congresso Nacional est\u00e1 previsto para a segunda semana de outubro.\u00a0<\/strong><\/p>\n<p>A <strong>Ag\u00eancia Brasil<\/strong> entrou em contato com o senador Rog\u00e9rio Marinho, l\u00edder da oposi\u00e7\u00e3o, para obter uma posi\u00e7\u00e3o sobre o fato de a PEC n\u00e3o ter sido inclu\u00edda na vota\u00e7\u00e3o, mas ainda n\u00e3o teve retorno. Contr\u00e1rio \u00e0 PEC, Marinho apresentou uma proposta alternativa que mant\u00e9m a escala 6&#215;1 e a jornada semanal m\u00e1xima de 44 horas, com a possibilidade de diferentes jornadas de trabalho em negocia\u00e7\u00e3o direta entre trabalhadores e empregadores. A iniciativa prev\u00ea que a remunera\u00e7\u00e3o seja calculada de acordo com as horas trabalhadas.<\/p>\n<p>A reportagem tamb\u00e9m procurou Fl\u00e1vio Bolsonaro para comentar as declara\u00e7\u00f5es de Randolfe. Integrante da CCJ, ele estava ausente quando a PEC foi aprovada no colegiado. Nos \u00faltimos dias, ele tamb\u00e9m defendeu a proposta de pagamento por hora trabalhada e evitou dizer como votaria no texto que prev\u00ea o fim da escala 6&#215;1. O espa\u00e7o para manifesta\u00e7\u00e3o segue aberto.\u00a0<\/p>\n","protected":false},"excerpt":{"rendered":"<p>Sem ter seguran\u00e7a sobre os votos necess\u00e1rios para aprovar a Proposta de Emenda Constitucional (PEC) do fim da escala 6&#215;1 e da redu\u00e7\u00e3o da jornada de trabalho, a base do governo no Senado Federal decidiu n\u00e3o arriscar uma aprecia\u00e7\u00e3o em plen\u00e1rio nesta quarta-feira (2). Com isso, a proposta s\u00f3 deve ser votada ap\u00f3s o 1\u00ba [&hellip;]<\/p>\n","protected":false},"author":122,"featured_media":23289,"comment_status":"open","ping_status":"open","sticky":false,"template":"","format":"standard","meta":{"site-sidebar-layout":"default","site-content-layout":"","ast-site-content-layout":"default","site-content-style":"default","site-sidebar-style":"default","ast-global-header-display":"","ast-banner-title-visibility":"","ast-main-header-display":"","ast-hfb-above-header-display":"","ast-hfb-below-header-display":"","ast-hfb-mobile-header-display":"","site-post-title":"","ast-breadcrumbs-content":"","ast-featured-img":"","footer-sml-layout":"","ast-disable-related-posts":"","theme-transparent-header-meta":"","adv-header-id-meta":"","stick-header-meta":"","header-above-stick-meta":"","header-main-stick-meta":"","header-below-stick-meta":"","astra-migrate-meta-layouts":"default","ast-page-background-enabled":"default","ast-page-background-meta":{"desktop":{"background-color":"var(--ast-global-color-4)","background-image":"","background-repeat":"repeat","background-position":"center center","background-size":"auto","background-attachment":"scroll","background-type":"","background-media":"","overlay-type":"","overlay-color":"","overlay-opacity":"","overlay-gradient":""},"tablet":{"background-color":"","background-image":"","background-repeat":"repeat","background-position":"center center","background-size":"auto","background-attachment":"scroll","background-type":"","background-media":"","overlay-type":"","overlay-color":"","overlay-opacity":"","overlay-gradient":""},"mobile":{"background-color":"","background-image":"","background-repeat":"repeat","background-position":"center center","background-size":"auto","background-attachment":"scroll","background-type":"","background-media":"","overlay-type":"","overlay-color":"","overlay-opacity":"","overlay-gradient":""}},"ast-content-background-meta":{"desktop":{"background-color":"var(--ast-global-color-5)","background-image":"","background-repeat":"repeat","background-position":"center center","background-size":"auto","background-attachment":"scroll","background-type":"","background-media":"","overlay-type":"","overlay-color":"","overlay-opacity":"","overlay-gradient":""},"tablet":{"background-color":"var(--ast-global-color-5)","background-image":"","background-repeat":"repeat","background-position":"center center","background-size":"auto","background-attachment":"scroll","background-type":"","background-media":"","overlay-type":"","overlay-color":"","overlay-opacity":"","overlay-gradient":""},"mobile":{"background-color":"var(--ast-global-color-5)","background-image":"","background-repeat":"repeat","background-position":"center center","background-size":"auto","background-attachment":"scroll","background-type":"","background-media":"","overlay-type":"","overlay-color":"","overlay-opacity":"","overlay-gradient":""}},"footnotes":""},"categories":[1],"tags":[],"class_list":["post-23288","post","type-post","status-publish","format-standard","has-post-thumbnail","hentry","category-sem-categoria"],"yoast_head":"<!-- This site is optimized with the Yoast SEO Premium plugin v23.6 (Yoast SEO v28.1) - https:\/\/yoast.com\/product\/yoast-seo-premium-wordpress\/ -->\n<title>Senado: oposi\u00e7\u00e3o obstrui e fim da escala 6x1 n\u00e3o vai a plen\u00e1rio - Divulgue MS<\/title>\n<meta name=\"robots\" content=\"index, follow, max-snippet:-1, max-image-preview:large, max-video-preview:-1\" \/>\n<link rel=\"canonical\" href=\"https:\/\/divulguems.com.br\/?p=23288\" \/>\n<meta property=\"og:locale\" content=\"pt_BR\" \/>\n<meta property=\"og:type\" content=\"article\" \/>\n<meta property=\"og:title\" content=\"Senado: oposi\u00e7\u00e3o obstrui e fim da escala 6x1 n\u00e3o vai a plen\u00e1rio\" \/>\n<meta property=\"og:description\" content=\"Sem ter seguran\u00e7a sobre os votos necess\u00e1rios para aprovar a Proposta de Emenda Constitucional (PEC) do fim da escala 6&#215;1 e da redu\u00e7\u00e3o da jornada de trabalho, a base do governo no Senado Federal decidiu n\u00e3o arriscar uma aprecia\u00e7\u00e3o em plen\u00e1rio nesta quarta-feira (2). Com isso, a proposta s\u00f3 deve ser votada ap\u00f3s o 1\u00ba [&hellip;]\" \/>\n<meta property=\"og:url\" content=\"https:\/\/divulguems.com.br\/?p=23288\" \/>\n<meta property=\"og:site_name\" content=\"Divulgue MS\" \/>\n<meta property=\"article:publisher\" content=\"https:\/\/www.facebook.com\/portalinfocobrasil\" \/>\n<meta property=\"article:published_time\" content=\"2026-09-03T02:47:46+00:00\" \/>\n<meta property=\"og:image\" content=\"https:\/\/cdn.jsdelivr.net\/gh\/sergiosdlima\/assets-ebc@1.0.0\/abr\/assets\/images\/logo-agenciabrasil.svg\" \/>\n<meta name=\"author\" content=\"Pedro Rafael Vilela - Reporter da Agencia Brasil\" \/>\n<meta name=\"twitter:card\" content=\"summary_large_image\" \/>\n<meta name=\"twitter:label1\" content=\"Escrito por\" \/>\n\t<meta name=\"twitter:data1\" content=\"Pedro Rafael Vilela - Reporter da Agencia Brasil\" \/>\n\t<meta name=\"twitter:label2\" content=\"Est. tempo de leitura\" \/>\n\t<meta name=\"twitter:data2\" content=\"3 minutos\" \/>\n<script type=\"application\/ld+json\" class=\"yoast-schema-graph\">{\"@context\":\"https:\\\/\\\/schema.org\",\"@graph\":[{\"@type\":\"Article\",\"@id\":\"https:\\\/\\\/divulguems.com.br\\\/?p=23288#article\",\"isPartOf\":{\"@id\":\"https:\\\/\\\/divulguems.com.br\\\/?p=23288\"},\"author\":{\"name\":\"Pedro Rafael Vilela - Reporter da Agencia Brasil\",\"@id\":\"https:\\\/\\\/divulguems.com.br\\\/#\\\/schema\\\/person\\\/e78a94dce4edfdd5151004347861f312\"},\"headline\":\"Senado: oposi\u00e7\u00e3o obstrui e fim da escala 6&#215;1 n\u00e3o vai a plen\u00e1rio\",\"datePublished\":\"2026-09-03T02:47:46+00:00\",\"mainEntityOfPage\":{\"@id\":\"https:\\\/\\\/divulguems.com.br\\\/?p=23288\"},\"wordCount\":702,\"commentCount\":0,\"publisher\":{\"@id\":\"https:\\\/\\\/divulguems.com.br\\\/#organization\"},\"image\":{\"@id\":\"https:\\\/\\\/divulguems.com.br\\\/?p=23288#primaryimage\"},\"thumbnailUrl\":\"https:\\\/\\\/divulguems.com.br\\\/wp-content\\\/uploads\\\/2026\\\/09\\\/23288-senado-oposicao-obstrui-e-fim-da-escala-61-nao-vai-a-plenario.jpg\",\"articleSection\":[\"\u00daltimas Not\u00edcias\"],\"inLanguage\":\"pt-BR\",\"potentialAction\":[{\"@type\":\"CommentAction\",\"name\":\"Comment\",\"target\":[\"https:\\\/\\\/divulguems.com.br\\\/?p=23288#respond\"]}]},{\"@type\":\"WebPage\",\"@id\":\"https:\\\/\\\/divulguems.com.br\\\/?p=23288\",\"url\":\"https:\\\/\\\/divulguems.com.br\\\/?p=23288\",\"name\":\"Senado: oposi\u00e7\u00e3o obstrui e fim da escala 6x1 n\u00e3o vai a plen\u00e1rio - Divulgue MS\",\"isPartOf\":{\"@id\":\"https:\\\/\\\/divulguems.com.br\\\/#website\"},\"primaryImageOfPage\":{\"@id\":\"https:\\\/\\\/divulguems.com.br\\\/?p=23288#primaryimage\"},\"image\":{\"@id\":\"https:\\\/\\\/divulguems.com.br\\\/?p=23288#primaryimage\"},\"thumbnailUrl\":\"https:\\\/\\\/divulguems.com.br\\\/wp-content\\\/uploads\\\/2026\\\/09\\\/23288-senado-oposicao-obstrui-e-fim-da-escala-61-nao-vai-a-plenario.jpg\",\"datePublished\":\"2026-09-03T02:47:46+00:00\",\"breadcrumb\":{\"@id\":\"https:\\\/\\\/divulguems.com.br\\\/?p=23288#breadcrumb\"},\"inLanguage\":\"pt-BR\",\"potentialAction\":[{\"@type\":\"ReadAction\",\"target\":[\"https:\\\/\\\/divulguems.com.br\\\/?p=23288\"]}]},{\"@type\":\"ImageObject\",\"inLanguage\":\"pt-BR\",\"@id\":\"https:\\\/\\\/divulguems.com.br\\\/?p=23288#primaryimage\",\"url\":\"https:\\\/\\\/divulguems.com.br\\\/wp-content\\\/uploads\\\/2026\\\/09\\\/23288-senado-oposicao-obstrui-e-fim-da-escala-61-nao-vai-a-plenario.jpg\",\"contentUrl\":\"https:\\\/\\\/divulguems.com.br\\\/wp-content\\\/uploads\\\/2026\\\/09\\\/23288-senado-oposicao-obstrui-e-fim-da-escala-61-nao-vai-a-plenario.jpg\",\"width\":1600,\"height\":800,\"caption\":\"Senado: oposi\u00e7\u00e3o obstrui e fim da escala 6&#215;1 n\u00e3o vai a plen\u00e1rio\"},{\"@type\":\"BreadcrumbList\",\"@id\":\"https:\\\/\\\/divulguems.com.br\\\/?p=23288#breadcrumb\",\"itemListElement\":[{\"@type\":\"ListItem\",\"position\":1,\"name\":\"In\u00edcio\",\"item\":\"https:\\\/\\\/divulguems.com.br\\\/\"},{\"@type\":\"ListItem\",\"position\":2,\"name\":\"Senado: oposi\u00e7\u00e3o obstrui e fim da escala 6&#215;1 n\u00e3o vai a plen\u00e1rio\"}]},{\"@type\":\"WebSite\",\"@id\":\"https:\\\/\\\/divulguems.com.br\\\/#website\",\"url\":\"https:\\\/\\\/divulguems.com.br\\\/\",\"name\":\"Portal Infoco Brasil\",\"description\":\"L\u00edder de audi\u00eancia.\",\"publisher\":{\"@id\":\"https:\\\/\\\/divulguems.com.br\\\/#organization\"},\"potentialAction\":[{\"@type\":\"SearchAction\",\"target\":{\"@type\":\"EntryPoint\",\"urlTemplate\":\"https:\\\/\\\/divulguems.com.br\\\/?s={search_term_string}\"},\"query-input\":{\"@type\":\"PropertyValueSpecification\",\"valueRequired\":true,\"valueName\":\"search_term_string\"}}],\"inLanguage\":\"pt-BR\"},{\"@type\":\"Organization\",\"@id\":\"https:\\\/\\\/divulguems.com.br\\\/#organization\",\"name\":\"Portal Infoco Brasil\",\"url\":\"https:\\\/\\\/divulguems.com.br\\\/\",\"logo\":{\"@type\":\"ImageObject\",\"inLanguage\":\"pt-BR\",\"@id\":\"https:\\\/\\\/divulguems.com.br\\\/#\\\/schema\\\/logo\\\/image\\\/\",\"url\":\"https:\\\/\\\/divulguems.com.br\\\/wp-content\\\/uploads\\\/2025\\\/04\\\/LOGO-PNG-AZUL.png\",\"contentUrl\":\"https:\\\/\\\/divulguems.com.br\\\/wp-content\\\/uploads\\\/2025\\\/04\\\/LOGO-PNG-AZUL.png\",\"width\":1166,\"height\":475,\"caption\":\"Portal Infoco Brasil\"},\"image\":{\"@id\":\"https:\\\/\\\/divulguems.com.br\\\/#\\\/schema\\\/logo\\\/image\\\/\"},\"sameAs\":[\"https:\\\/\\\/www.facebook.com\\\/portalinfocobrasil\",\"https:\\\/\\\/www.instagram.com\\\/portalinfocobrasil\"]},{\"@type\":\"Person\",\"@id\":\"https:\\\/\\\/divulguems.com.br\\\/#\\\/schema\\\/person\\\/e78a94dce4edfdd5151004347861f312\",\"name\":\"Pedro Rafael Vilela - Reporter da Agencia Brasil\",\"image\":{\"@type\":\"ImageObject\",\"inLanguage\":\"pt-BR\",\"@id\":\"https:\\\/\\\/secure.gravatar.com\\\/avatar\\\/9807f3a75678758a5682360745267e520b79e9ab7fa6c6f968ea4f3bc9feb448?s=96&d=mm&r=g\",\"url\":\"https:\\\/\\\/secure.gravatar.com\\\/avatar\\\/9807f3a75678758a5682360745267e520b79e9ab7fa6c6f968ea4f3bc9feb448?s=96&d=mm&r=g\",\"contentUrl\":\"https:\\\/\\\/secure.gravatar.com\\\/avatar\\\/9807f3a75678758a5682360745267e520b79e9ab7fa6c6f968ea4f3bc9feb448?s=96&d=mm&r=g\",\"caption\":\"Pedro Rafael Vilela - Reporter da Agencia Brasil\"},\"url\":\"https:\\\/\\\/divulguems.com.br\\\/?author=122\"}]}<\/script>\n<!-- \/ Yoast SEO Premium plugin. -->","yoast_head_json":{"title":"Senado: oposi\u00e7\u00e3o obstrui e fim da escala 6x1 n\u00e3o vai a plen\u00e1rio - Divulgue MS","robots":{"index":"index","follow":"follow","max-snippet":"max-snippet:-1","max-image-preview":"max-image-preview:large","max-video-preview":"max-video-preview:-1"},"canonical":"https:\/\/divulguems.com.br\/?p=23288","og_locale":"pt_BR","og_type":"article","og_title":"Senado: oposi\u00e7\u00e3o obstrui e fim da escala 6x1 n\u00e3o vai a plen\u00e1rio","og_description":"Sem ter seguran\u00e7a sobre os votos necess\u00e1rios para aprovar a Proposta de Emenda Constitucional (PEC) do fim da escala 6&#215;1 e da redu\u00e7\u00e3o da jornada de trabalho, a base do governo no Senado Federal decidiu n\u00e3o arriscar uma aprecia\u00e7\u00e3o em plen\u00e1rio nesta quarta-feira (2). Com isso, a proposta s\u00f3 deve ser votada ap\u00f3s o 1\u00ba [&hellip;]","og_url":"https:\/\/divulguems.com.br\/?p=23288","og_site_name":"Divulgue MS","article_publisher":"https:\/\/www.facebook.com\/portalinfocobrasil","article_published_time":"2026-09-03T02:47:46+00:00","og_image":[{"url":"https:\/\/cdn.jsdelivr.net\/gh\/sergiosdlima\/assets-ebc@1.0.0\/abr\/assets\/images\/logo-agenciabrasil.svg","type":"","width":"","height":""}],"author":"Pedro Rafael Vilela - Reporter da Agencia Brasil","twitter_card":"summary_large_image","twitter_misc":{"Escrito por":"Pedro Rafael Vilela - Reporter da Agencia Brasil","Est. tempo de leitura":"3 minutos"},"schema":{"@context":"https:\/\/schema.org","@graph":[{"@type":"Article","@id":"https:\/\/divulguems.com.br\/?p=23288#article","isPartOf":{"@id":"https:\/\/divulguems.com.br\/?p=23288"},"author":{"name":"Pedro Rafael Vilela - Reporter da Agencia Brasil","@id":"https:\/\/divulguems.com.br\/#\/schema\/person\/e78a94dce4edfdd5151004347861f312"},"headline":"Senado: oposi\u00e7\u00e3o obstrui e fim da escala 6&#215;1 n\u00e3o vai a plen\u00e1rio","datePublished":"2026-09-03T02:47:46+00:00","mainEntityOfPage":{"@id":"https:\/\/divulguems.com.br\/?p=23288"},"wordCount":702,"commentCount":0,"publisher":{"@id":"https:\/\/divulguems.com.br\/#organization"},"image":{"@id":"https:\/\/divulguems.com.br\/?p=23288#primaryimage"},"thumbnailUrl":"https:\/\/divulguems.com.br\/wp-content\/uploads\/2026\/09\/23288-senado-oposicao-obstrui-e-fim-da-escala-61-nao-vai-a-plenario.jpg","articleSection":["\u00daltimas Not\u00edcias"],"inLanguage":"pt-BR","potentialAction":[{"@type":"CommentAction","name":"Comment","target":["https:\/\/divulguems.com.br\/?p=23288#respond"]}]},{"@type":"WebPage","@id":"https:\/\/divulguems.com.br\/?p=23288","url":"https:\/\/divulguems.com.br\/?p=23288","name":"Senado: oposi\u00e7\u00e3o obstrui e fim da escala 6x1 n\u00e3o vai a plen\u00e1rio - Divulgue MS","isPartOf":{"@id":"https:\/\/divulguems.com.br\/#website"},"primaryImageOfPage":{"@id":"https:\/\/divulguems.com.br\/?p=23288#primaryimage"},"image":{"@id":"https:\/\/divulguems.com.br\/?p=23288#primaryimage"},"thumbnailUrl":"https:\/\/divulguems.com.br\/wp-content\/uploads\/2026\/09\/23288-senado-oposicao-obstrui-e-fim-da-escala-61-nao-vai-a-plenario.jpg","datePublished":"2026-09-03T02:47:46+00:00","breadcrumb":{"@id":"https:\/\/divulguems.com.br\/?p=23288#breadcrumb"},"inLanguage":"pt-BR","potentialAction":[{"@type":"ReadAction","target":["https:\/\/divulguems.com.br\/?p=23288"]}]},{"@type":"ImageObject","inLanguage":"pt-BR","@id":"https:\/\/divulguems.com.br\/?p=23288#primaryimage","url":"https:\/\/divulguems.com.br\/wp-content\/uploads\/2026\/09\/23288-senado-oposicao-obstrui-e-fim-da-escala-61-nao-vai-a-plenario.jpg","contentUrl":"https:\/\/divulguems.com.br\/wp-content\/uploads\/2026\/09\/23288-senado-oposicao-obstrui-e-fim-da-escala-61-nao-vai-a-plenario.jpg","width":1600,"height":800,"caption":"Senado: oposi\u00e7\u00e3o obstrui e fim da escala 6&#215;1 n\u00e3o vai a plen\u00e1rio"},{"@type":"BreadcrumbList","@id":"https:\/\/divulguems.com.br\/?p=23288#breadcrumb","itemListElement":[{"@type":"ListItem","position":1,"name":"In\u00edcio","item":"https:\/\/divulguems.com.br\/"},{"@type":"ListItem","position":2,"name":"Senado: oposi\u00e7\u00e3o obstrui e fim da escala 6&#215;1 n\u00e3o vai a plen\u00e1rio"}]},{"@type":"WebSite","@id":"https:\/\/divulguems.com.br\/#website","url":"https:\/\/divulguems.com.br\/","name":"Portal Infoco Brasil","description":"L\u00edder de audi\u00eancia.","publisher":{"@id":"https:\/\/divulguems.com.br\/#organization"},"potentialAction":[{"@type":"SearchAction","target":{"@type":"EntryPoint","urlTemplate":"https:\/\/divulguems.com.br\/?s={search_term_string}"},"query-input":{"@type":"PropertyValueSpecification","valueRequired":true,"valueName":"search_term_string"}}],"inLanguage":"pt-BR"},{"@type":"Organization","@id":"https:\/\/divulguems.com.br\/#organization","name":"Portal Infoco Brasil","url":"https:\/\/divulguems.com.br\/","logo":{"@type":"ImageObject","inLanguage":"pt-BR","@id":"https:\/\/divulguems.com.br\/#\/schema\/logo\/image\/","url":"https:\/\/divulguems.com.br\/wp-content\/uploads\/2025\/04\/LOGO-PNG-AZUL.png","contentUrl":"https:\/\/divulguems.com.br\/wp-content\/uploads\/2025\/04\/LOGO-PNG-AZUL.png","width":1166,"height":475,"caption":"Portal Infoco Brasil"},"image":{"@id":"https:\/\/divulguems.com.br\/#\/schema\/logo\/image\/"},"sameAs":["https:\/\/www.facebook.com\/portalinfocobrasil","https:\/\/www.instagram.com\/portalinfocobrasil"]},{"@type":"Person","@id":"https:\/\/divulguems.com.br\/#\/schema\/person\/e78a94dce4edfdd5151004347861f312","name":"Pedro Rafael Vilela - Reporter da Agencia Brasil","image":{"@type":"ImageObject","inLanguage":"pt-BR","@id":"https:\/\/secure.gravatar.com\/avatar\/9807f3a75678758a5682360745267e520b79e9ab7fa6c6f968ea4f3bc9feb448?s=96&d=mm&r=g","url":"https:\/\/secure.gravatar.com\/avatar\/9807f3a75678758a5682360745267e520b79e9ab7fa6c6f968ea4f3bc9feb448?s=96&d=mm&r=g","contentUrl":"https:\/\/secure.gravatar.com\/avatar\/9807f3a75678758a5682360745267e520b79e9ab7fa6c6f968ea4f3bc9feb448?s=96&d=mm&r=g","caption":"Pedro Rafael Vilela - Reporter da Agencia Brasil"},"url":"https:\/\/divulguems.com.br\/?author=122"}]}},"_links":{"self":[{"href":"https:\/\/divulguems.com.br\/index.php?rest_route=\/wp\/v2\/posts\/23288","targetHints":{"allow":["GET"]}}],"collection":[{"href":"https:\/\/divulguems.com.br\/index.php?rest_route=\/wp\/v2\/posts"}],"about":[{"href":"https:\/\/divulguems.com.br\/index.php?rest_route=\/wp\/v2\/types\/post"}],"author":[{"embeddable":true,"href":"https:\/\/divulguems.com.br\/index.php?rest_route=\/wp\/v2\/users\/122"}],"replies":[{"embeddable":true,"href":"https:\/\/divulguems.com.br\/index.php?rest_route=%2Fwp%2Fv2%2Fcomments&post=23288"}],"version-history":[{"count":0,"href":"https:\/\/divulguems.com.br\/index.php?rest_route=\/wp\/v2\/posts\/23288\/revisions"}],"wp:featuredmedia":[{"embeddable":true,"href":"https:\/\/divulguems.com.br\/index.php?rest_route=\/wp\/v2\/media\/23289"}],"wp:attachment":[{"href":"https:\/\/divulguems.com.br\/index.php?rest_route=%2Fwp%2Fv2%2Fmedia&parent=23288"}],"wp:term":[{"taxonomy":"category","embeddable":true,"href":"https:\/\/divulguems.com.br\/index.php?rest_route=%2Fwp%2Fv2%2Fcategories&post=23288"},{"taxonomy":"post_tag","embeddable":true,"href":"https:\/\/divulguems.com.br\/index.php?rest_route=%2Fwp%2Fv2%2Ftags&post=23288"}],"curies":[{"name":"wp","href":"https:\/\/api.w.org\/{rel}","templated":true}]}}