{"id":23312,"date":"2026-09-03T22:49:29","date_gmt":"2026-09-04T02:49:29","guid":{"rendered":"https:\/\/divulguems.com.br\/?p=23312"},"modified":"2026-09-03T22:49:29","modified_gmt":"2026-09-04T02:49:29","slug":"favelas-cariocas-terao-plano-de-arborizacao-contra-o-calor-extremo","status":"publish","type":"post","link":"https:\/\/divulguems.com.br\/?p=23312","title":{"rendered":"Favelas cariocas ter\u00e3o plano de arboriza\u00e7\u00e3o contra o calor extremo"},"content":{"rendered":"<p>As favelas da cidade do Rio de Janeiro <strong>v\u00e3o ser arborizadas para reduzir os efeitos do calor extremo, al\u00e9m dos riscos de deslizamentos em \u00e9pocas de temporais<\/strong>. A prioridade ser\u00e3o as \u00e1reas com menor cobertura vegetal, comunidades com hist\u00f3rico de queda de encostas e desastres naturais, assim como locais com maior concentra\u00e7\u00e3o de moradias.<img decoding=\"async\" src=\"https:\/\/agenciabrasil.ebc.com.br\/ebc.png?id=1701431&#038;o=rss\"><img decoding=\"async\" src=\"https:\/\/agenciabrasil.ebc.com.br\/ebc.gif?id=1701431&#038;o=rss\"><\/p>\n<p>O primeiro passo para a implanta\u00e7\u00e3o do Plano Municipal de Arboriza\u00e7\u00e3o das Favelas foi dado nessa quarta-feira (2), com a <strong>aprova\u00e7\u00e3o do projeto de lei, em primeira discuss\u00e3o, pela C\u00e2mara de Vereadores.<\/strong><\/p>\n<p>O texto passar\u00e1 por nova vota\u00e7\u00e3o, mas j\u00e1 tem um ponto positivo, pois foi elaborado com base em uma pesquisa realizada pela Redes da Mar\u00e9, organiza\u00e7\u00e3o da sociedade civil formada por moradores de um grande complexo de favelas, que apontou a <strong>falta de \u00e1rvores, as moradias muito pr\u00f3ximas umas das outras e as ruas estreitas como os principais fatores de maior exposi\u00e7\u00e3o aos impactos das altas temperaturas.<\/strong><\/p>\n<p>Somente no Complexo da Mar\u00e9, que re\u00fane cerca de 125 mil moradores em mais de 16 comunidades, segundo o Censo Demogr\u00e1fico do IBGE, de 2022, pesquisadores identificaram ilhas de calor com temperaturas at\u00e9 6 \u00b0C acima das registradas em regi\u00f5es pr\u00f3ximas.<\/p>\n<p>Audi\u00eancias p\u00fablicas com as associa\u00e7\u00f5es de moradores das \u00e1reas abrangidas tamb\u00e9m ser\u00e3o realizadas para garantir a aprova\u00e7\u00e3o do Plano, cuja execu\u00e7\u00e3o dever\u00e1 observar a prote\u00e7\u00e3o das bacias hidrogr\u00e1ficas e apontar os terrenos sujeitos a eros\u00e3o ou inunda\u00e7\u00f5es, estabiliza\u00e7\u00e3o de encostas, al\u00e9m de utiliza\u00e7\u00e3o de, no m\u00ednimo, 50% de esp\u00e9cies frut\u00edferas na arboriza\u00e7\u00e3o.<\/p>\n<p>Ainda n\u00e3o h\u00e1 data para a nova vota\u00e7\u00e3o do projeto na C\u00e2mara de Vereadores do Rio.<\/p>\n<p>\u00a0<\/p>\n<p>  <span class=\"hms hms-format-m-ss\">1:56<\/span><\/p>\n","protected":false},"excerpt":{"rendered":"<p>As favelas da cidade do Rio de Janeiro v\u00e3o ser arborizadas para reduzir os efeitos do calor extremo, al\u00e9m dos riscos de deslizamentos em \u00e9pocas de temporais. A prioridade ser\u00e3o as \u00e1reas com menor cobertura vegetal, comunidades com hist\u00f3rico de queda de encostas e desastres naturais, assim como locais com maior concentra\u00e7\u00e3o de moradias. O [&hellip;]<\/p>\n","protected":false},"author":1,"featured_media":23313,"comment_status":"open","ping_status":"open","sticky":false,"template":"","format":"standard","meta":{"site-sidebar-layout":"default","site-content-layout":"","ast-site-content-layout":"default","site-content-style":"default","site-sidebar-style":"default","ast-global-header-display":"","ast-banner-title-visibility":"","ast-main-header-display":"","ast-hfb-above-header-display":"","ast-hfb-below-header-display":"","ast-hfb-mobile-header-display":"","site-post-title":"","ast-breadcrumbs-content":"","ast-featured-img":"","footer-sml-layout":"","ast-disable-related-posts":"","theme-transparent-header-meta":"","adv-header-id-meta":"","stick-header-meta":"","header-above-stick-meta":"","header-main-stick-meta":"","header-below-stick-meta":"","astra-migrate-meta-layouts":"default","ast-page-background-enabled":"default","ast-page-background-meta":{"desktop":{"background-color":"var(--ast-global-color-4)","background-image":"","background-repeat":"repeat","background-position":"center center","background-size":"auto","background-attachment":"scroll","background-type":"","background-media":"","overlay-type":"","overlay-color":"","overlay-opacity":"","overlay-gradient":""},"tablet":{"background-color":"","background-image":"","background-repeat":"repeat","background-position":"center center","background-size":"auto","background-attachment":"scroll","background-type":"","background-media":"","overlay-type":"","overlay-color":"","overlay-opacity":"","overlay-gradient":""},"mobile":{"background-color":"","background-image":"","background-repeat":"repeat","background-position":"center center","background-size":"auto","background-attachment":"scroll","background-type":"","background-media":"","overlay-type":"","overlay-color":"","overlay-opacity":"","overlay-gradient":""}},"ast-content-background-meta":{"desktop":{"background-color":"var(--ast-global-color-5)","background-image":"","background-repeat":"repeat","background-position":"center center","background-size":"auto","background-attachment":"scroll","background-type":"","background-media":"","overlay-type":"","overlay-color":"","overlay-opacity":"","overlay-gradient":""},"tablet":{"background-color":"var(--ast-global-color-5)","background-image":"","background-repeat":"repeat","background-position":"center center","background-size":"auto","background-attachment":"scroll","background-type":"","background-media":"","overlay-type":"","overlay-color":"","overlay-opacity":"","overlay-gradient":""},"mobile":{"background-color":"var(--ast-global-color-5)","background-image":"","background-repeat":"repeat","background-position":"center center","background-size":"auto","background-attachment":"scroll","background-type":"","background-media":"","overlay-type":"","overlay-color":"","overlay-opacity":"","overlay-gradient":""}},"footnotes":""},"categories":[6],"tags":[],"class_list":["post-23312","post","type-post","status-publish","format-standard","has-post-thumbnail","hentry","category-meio-ambiente-e-sustentabilidade"],"yoast_head":"<!-- This site is optimized with the Yoast SEO Premium plugin v23.6 (Yoast SEO v28.1) - https:\/\/yoast.com\/product\/yoast-seo-premium-wordpress\/ -->\n<title>Favelas cariocas ter\u00e3o plano de arboriza\u00e7\u00e3o contra o calor extremo - Divulgue MS<\/title>\n<meta name=\"robots\" content=\"index, follow, max-snippet:-1, max-image-preview:large, max-video-preview:-1\" \/>\n<link rel=\"canonical\" href=\"https:\/\/divulguems.com.br\/?p=23312\" \/>\n<meta property=\"og:locale\" content=\"pt_BR\" \/>\n<meta property=\"og:type\" content=\"article\" \/>\n<meta property=\"og:title\" content=\"Favelas cariocas ter\u00e3o plano de arboriza\u00e7\u00e3o contra o calor extremo\" \/>\n<meta property=\"og:description\" content=\"As favelas da cidade do Rio de Janeiro v\u00e3o ser arborizadas para reduzir os efeitos do calor extremo, al\u00e9m dos riscos de deslizamentos em \u00e9pocas de temporais. A prioridade ser\u00e3o as \u00e1reas com menor cobertura vegetal, comunidades com hist\u00f3rico de queda de encostas e desastres naturais, assim como locais com maior concentra\u00e7\u00e3o de moradias. O [&hellip;]\" \/>\n<meta property=\"og:url\" content=\"https:\/\/divulguems.com.br\/?p=23312\" \/>\n<meta property=\"og:site_name\" content=\"Divulgue MS\" \/>\n<meta property=\"article:publisher\" content=\"https:\/\/www.facebook.com\/portalinfocobrasil\" \/>\n<meta property=\"article:published_time\" content=\"2026-09-04T02:49:29+00:00\" \/>\n<meta property=\"og:image\" content=\"https:\/\/agenciabrasil.ebc.com.br\/ebc.png?id=1701431&o=rss\" \/>\n<meta name=\"author\" content=\"gestormovie\" \/>\n<meta name=\"twitter:card\" content=\"summary_large_image\" \/>\n<meta name=\"twitter:label1\" content=\"Escrito por\" \/>\n\t<meta name=\"twitter:data1\" content=\"gestormovie\" \/>\n\t<meta name=\"twitter:label2\" content=\"Est. tempo de leitura\" \/>\n\t<meta name=\"twitter:data2\" content=\"1 minuto\" \/>\n<script type=\"application\/ld+json\" class=\"yoast-schema-graph\">{\"@context\":\"https:\\\/\\\/schema.org\",\"@graph\":[{\"@type\":\"Article\",\"@id\":\"https:\\\/\\\/divulguems.com.br\\\/?p=23312#article\",\"isPartOf\":{\"@id\":\"https:\\\/\\\/divulguems.com.br\\\/?p=23312\"},\"author\":{\"name\":\"gestormovie\",\"@id\":\"https:\\\/\\\/divulguems.com.br\\\/#\\\/schema\\\/person\\\/85cb29f0608083b8ae66501ac547eec3\"},\"headline\":\"Favelas cariocas ter\u00e3o plano de arboriza\u00e7\u00e3o contra o calor extremo\",\"datePublished\":\"2026-09-04T02:49:29+00:00\",\"mainEntityOfPage\":{\"@id\":\"https:\\\/\\\/divulguems.com.br\\\/?p=23312\"},\"wordCount\":307,\"commentCount\":0,\"publisher\":{\"@id\":\"https:\\\/\\\/divulguems.com.br\\\/#organization\"},\"image\":{\"@id\":\"https:\\\/\\\/divulguems.com.br\\\/?p=23312#primaryimage\"},\"thumbnailUrl\":\"https:\\\/\\\/divulguems.com.br\\\/wp-content\\\/uploads\\\/2026\\\/09\\\/23312-favelas-cariocas-terao-plano-de-arborizacao-contra-o-calor-extremo.jpg\",\"articleSection\":[\"Meio Ambiente e Sustentabilidade\"],\"inLanguage\":\"pt-BR\",\"potentialAction\":[{\"@type\":\"CommentAction\",\"name\":\"Comment\",\"target\":[\"https:\\\/\\\/divulguems.com.br\\\/?p=23312#respond\"]}]},{\"@type\":\"WebPage\",\"@id\":\"https:\\\/\\\/divulguems.com.br\\\/?p=23312\",\"url\":\"https:\\\/\\\/divulguems.com.br\\\/?p=23312\",\"name\":\"Favelas cariocas ter\u00e3o plano de arboriza\u00e7\u00e3o contra o calor extremo - Divulgue MS\",\"isPartOf\":{\"@id\":\"https:\\\/\\\/divulguems.com.br\\\/#website\"},\"primaryImageOfPage\":{\"@id\":\"https:\\\/\\\/divulguems.com.br\\\/?p=23312#primaryimage\"},\"image\":{\"@id\":\"https:\\\/\\\/divulguems.com.br\\\/?p=23312#primaryimage\"},\"thumbnailUrl\":\"https:\\\/\\\/divulguems.com.br\\\/wp-content\\\/uploads\\\/2026\\\/09\\\/23312-favelas-cariocas-terao-plano-de-arborizacao-contra-o-calor-extremo.jpg\",\"datePublished\":\"2026-09-04T02:49:29+00:00\",\"breadcrumb\":{\"@id\":\"https:\\\/\\\/divulguems.com.br\\\/?p=23312#breadcrumb\"},\"inLanguage\":\"pt-BR\",\"potentialAction\":[{\"@type\":\"ReadAction\",\"target\":[\"https:\\\/\\\/divulguems.com.br\\\/?p=23312\"]}]},{\"@type\":\"ImageObject\",\"inLanguage\":\"pt-BR\",\"@id\":\"https:\\\/\\\/divulguems.com.br\\\/?p=23312#primaryimage\",\"url\":\"https:\\\/\\\/divulguems.com.br\\\/wp-content\\\/uploads\\\/2026\\\/09\\\/23312-favelas-cariocas-terao-plano-de-arborizacao-contra-o-calor-extremo.jpg\",\"contentUrl\":\"https:\\\/\\\/divulguems.com.br\\\/wp-content\\\/uploads\\\/2026\\\/09\\\/23312-favelas-cariocas-terao-plano-de-arborizacao-contra-o-calor-extremo.jpg\",\"width\":1600,\"height\":800,\"caption\":\"Favelas cariocas ter\u00e3o plano de arboriza\u00e7\u00e3o contra o calor extremo\"},{\"@type\":\"BreadcrumbList\",\"@id\":\"https:\\\/\\\/divulguems.com.br\\\/?p=23312#breadcrumb\",\"itemListElement\":[{\"@type\":\"ListItem\",\"position\":1,\"name\":\"In\u00edcio\",\"item\":\"https:\\\/\\\/divulguems.com.br\\\/\"},{\"@type\":\"ListItem\",\"position\":2,\"name\":\"Favelas cariocas ter\u00e3o plano de arboriza\u00e7\u00e3o contra o calor extremo\"}]},{\"@type\":\"WebSite\",\"@id\":\"https:\\\/\\\/divulguems.com.br\\\/#website\",\"url\":\"https:\\\/\\\/divulguems.com.br\\\/\",\"name\":\"Portal Infoco Brasil\",\"description\":\"L\u00edder de audi\u00eancia.\",\"publisher\":{\"@id\":\"https:\\\/\\\/divulguems.com.br\\\/#organization\"},\"potentialAction\":[{\"@type\":\"SearchAction\",\"target\":{\"@type\":\"EntryPoint\",\"urlTemplate\":\"https:\\\/\\\/divulguems.com.br\\\/?s={search_term_string}\"},\"query-input\":{\"@type\":\"PropertyValueSpecification\",\"valueRequired\":true,\"valueName\":\"search_term_string\"}}],\"inLanguage\":\"pt-BR\"},{\"@type\":\"Organization\",\"@id\":\"https:\\\/\\\/divulguems.com.br\\\/#organization\",\"name\":\"Portal Infoco Brasil\",\"url\":\"https:\\\/\\\/divulguems.com.br\\\/\",\"logo\":{\"@type\":\"ImageObject\",\"inLanguage\":\"pt-BR\",\"@id\":\"https:\\\/\\\/divulguems.com.br\\\/#\\\/schema\\\/logo\\\/image\\\/\",\"url\":\"https:\\\/\\\/divulguems.com.br\\\/wp-content\\\/uploads\\\/2025\\\/04\\\/LOGO-PNG-AZUL.png\",\"contentUrl\":\"https:\\\/\\\/divulguems.com.br\\\/wp-content\\\/uploads\\\/2025\\\/04\\\/LOGO-PNG-AZUL.png\",\"width\":1166,\"height\":475,\"caption\":\"Portal Infoco Brasil\"},\"image\":{\"@id\":\"https:\\\/\\\/divulguems.com.br\\\/#\\\/schema\\\/logo\\\/image\\\/\"},\"sameAs\":[\"https:\\\/\\\/www.facebook.com\\\/portalinfocobrasil\",\"https:\\\/\\\/www.instagram.com\\\/portalinfocobrasil\"]},{\"@type\":\"Person\",\"@id\":\"https:\\\/\\\/divulguems.com.br\\\/#\\\/schema\\\/person\\\/85cb29f0608083b8ae66501ac547eec3\",\"name\":\"gestormovie\",\"image\":{\"@type\":\"ImageObject\",\"inLanguage\":\"pt-BR\",\"@id\":\"https:\\\/\\\/secure.gravatar.com\\\/avatar\\\/1a363cacdce58d5745359cac63cadf7cee0b34c09ab5adc6e07dafbc1ad3ceef?s=96&d=mm&r=g\",\"url\":\"https:\\\/\\\/secure.gravatar.com\\\/avatar\\\/1a363cacdce58d5745359cac63cadf7cee0b34c09ab5adc6e07dafbc1ad3ceef?s=96&d=mm&r=g\",\"contentUrl\":\"https:\\\/\\\/secure.gravatar.com\\\/avatar\\\/1a363cacdce58d5745359cac63cadf7cee0b34c09ab5adc6e07dafbc1ad3ceef?s=96&d=mm&r=g\",\"caption\":\"gestormovie\"},\"sameAs\":[\"https:\\\/\\\/divulguems.com.br\"],\"url\":\"https:\\\/\\\/divulguems.com.br\\\/?author=1\"}]}<\/script>\n<!-- \/ Yoast SEO Premium plugin. -->","yoast_head_json":{"title":"Favelas cariocas ter\u00e3o plano de arboriza\u00e7\u00e3o contra o calor extremo - Divulgue MS","robots":{"index":"index","follow":"follow","max-snippet":"max-snippet:-1","max-image-preview":"max-image-preview:large","max-video-preview":"max-video-preview:-1"},"canonical":"https:\/\/divulguems.com.br\/?p=23312","og_locale":"pt_BR","og_type":"article","og_title":"Favelas cariocas ter\u00e3o plano de arboriza\u00e7\u00e3o contra o calor extremo","og_description":"As favelas da cidade do Rio de Janeiro v\u00e3o ser arborizadas para reduzir os efeitos do calor extremo, al\u00e9m dos riscos de deslizamentos em \u00e9pocas de temporais. A prioridade ser\u00e3o as \u00e1reas com menor cobertura vegetal, comunidades com hist\u00f3rico de queda de encostas e desastres naturais, assim como locais com maior concentra\u00e7\u00e3o de moradias. O [&hellip;]","og_url":"https:\/\/divulguems.com.br\/?p=23312","og_site_name":"Divulgue MS","article_publisher":"https:\/\/www.facebook.com\/portalinfocobrasil","article_published_time":"2026-09-04T02:49:29+00:00","og_image":[{"url":"https:\/\/agenciabrasil.ebc.com.br\/ebc.png?id=1701431&o=rss","type":"","width":"","height":""}],"author":"gestormovie","twitter_card":"summary_large_image","twitter_misc":{"Escrito por":"gestormovie","Est. tempo de leitura":"1 minuto"},"schema":{"@context":"https:\/\/schema.org","@graph":[{"@type":"Article","@id":"https:\/\/divulguems.com.br\/?p=23312#article","isPartOf":{"@id":"https:\/\/divulguems.com.br\/?p=23312"},"author":{"name":"gestormovie","@id":"https:\/\/divulguems.com.br\/#\/schema\/person\/85cb29f0608083b8ae66501ac547eec3"},"headline":"Favelas cariocas ter\u00e3o plano de arboriza\u00e7\u00e3o contra o calor extremo","datePublished":"2026-09-04T02:49:29+00:00","mainEntityOfPage":{"@id":"https:\/\/divulguems.com.br\/?p=23312"},"wordCount":307,"commentCount":0,"publisher":{"@id":"https:\/\/divulguems.com.br\/#organization"},"image":{"@id":"https:\/\/divulguems.com.br\/?p=23312#primaryimage"},"thumbnailUrl":"https:\/\/divulguems.com.br\/wp-content\/uploads\/2026\/09\/23312-favelas-cariocas-terao-plano-de-arborizacao-contra-o-calor-extremo.jpg","articleSection":["Meio Ambiente e Sustentabilidade"],"inLanguage":"pt-BR","potentialAction":[{"@type":"CommentAction","name":"Comment","target":["https:\/\/divulguems.com.br\/?p=23312#respond"]}]},{"@type":"WebPage","@id":"https:\/\/divulguems.com.br\/?p=23312","url":"https:\/\/divulguems.com.br\/?p=23312","name":"Favelas cariocas ter\u00e3o plano de arboriza\u00e7\u00e3o contra o calor extremo - Divulgue MS","isPartOf":{"@id":"https:\/\/divulguems.com.br\/#website"},"primaryImageOfPage":{"@id":"https:\/\/divulguems.com.br\/?p=23312#primaryimage"},"image":{"@id":"https:\/\/divulguems.com.br\/?p=23312#primaryimage"},"thumbnailUrl":"https:\/\/divulguems.com.br\/wp-content\/uploads\/2026\/09\/23312-favelas-cariocas-terao-plano-de-arborizacao-contra-o-calor-extremo.jpg","datePublished":"2026-09-04T02:49:29+00:00","breadcrumb":{"@id":"https:\/\/divulguems.com.br\/?p=23312#breadcrumb"},"inLanguage":"pt-BR","potentialAction":[{"@type":"ReadAction","target":["https:\/\/divulguems.com.br\/?p=23312"]}]},{"@type":"ImageObject","inLanguage":"pt-BR","@id":"https:\/\/divulguems.com.br\/?p=23312#primaryimage","url":"https:\/\/divulguems.com.br\/wp-content\/uploads\/2026\/09\/23312-favelas-cariocas-terao-plano-de-arborizacao-contra-o-calor-extremo.jpg","contentUrl":"https:\/\/divulguems.com.br\/wp-content\/uploads\/2026\/09\/23312-favelas-cariocas-terao-plano-de-arborizacao-contra-o-calor-extremo.jpg","width":1600,"height":800,"caption":"Favelas cariocas ter\u00e3o plano de arboriza\u00e7\u00e3o contra o calor extremo"},{"@type":"BreadcrumbList","@id":"https:\/\/divulguems.com.br\/?p=23312#breadcrumb","itemListElement":[{"@type":"ListItem","position":1,"name":"In\u00edcio","item":"https:\/\/divulguems.com.br\/"},{"@type":"ListItem","position":2,"name":"Favelas cariocas ter\u00e3o plano de arboriza\u00e7\u00e3o contra o calor extremo"}]},{"@type":"WebSite","@id":"https:\/\/divulguems.com.br\/#website","url":"https:\/\/divulguems.com.br\/","name":"Portal Infoco Brasil","description":"L\u00edder de audi\u00eancia.","publisher":{"@id":"https:\/\/divulguems.com.br\/#organization"},"potentialAction":[{"@type":"SearchAction","target":{"@type":"EntryPoint","urlTemplate":"https:\/\/divulguems.com.br\/?s={search_term_string}"},"query-input":{"@type":"PropertyValueSpecification","valueRequired":true,"valueName":"search_term_string"}}],"inLanguage":"pt-BR"},{"@type":"Organization","@id":"https:\/\/divulguems.com.br\/#organization","name":"Portal Infoco Brasil","url":"https:\/\/divulguems.com.br\/","logo":{"@type":"ImageObject","inLanguage":"pt-BR","@id":"https:\/\/divulguems.com.br\/#\/schema\/logo\/image\/","url":"https:\/\/divulguems.com.br\/wp-content\/uploads\/2025\/04\/LOGO-PNG-AZUL.png","contentUrl":"https:\/\/divulguems.com.br\/wp-content\/uploads\/2025\/04\/LOGO-PNG-AZUL.png","width":1166,"height":475,"caption":"Portal Infoco Brasil"},"image":{"@id":"https:\/\/divulguems.com.br\/#\/schema\/logo\/image\/"},"sameAs":["https:\/\/www.facebook.com\/portalinfocobrasil","https:\/\/www.instagram.com\/portalinfocobrasil"]},{"@type":"Person","@id":"https:\/\/divulguems.com.br\/#\/schema\/person\/85cb29f0608083b8ae66501ac547eec3","name":"gestormovie","image":{"@type":"ImageObject","inLanguage":"pt-BR","@id":"https:\/\/secure.gravatar.com\/avatar\/1a363cacdce58d5745359cac63cadf7cee0b34c09ab5adc6e07dafbc1ad3ceef?s=96&d=mm&r=g","url":"https:\/\/secure.gravatar.com\/avatar\/1a363cacdce58d5745359cac63cadf7cee0b34c09ab5adc6e07dafbc1ad3ceef?s=96&d=mm&r=g","contentUrl":"https:\/\/secure.gravatar.com\/avatar\/1a363cacdce58d5745359cac63cadf7cee0b34c09ab5adc6e07dafbc1ad3ceef?s=96&d=mm&r=g","caption":"gestormovie"},"sameAs":["https:\/\/divulguems.com.br"],"url":"https:\/\/divulguems.com.br\/?author=1"}]}},"_links":{"self":[{"href":"https:\/\/divulguems.com.br\/index.php?rest_route=\/wp\/v2\/posts\/23312","targetHints":{"allow":["GET"]}}],"collection":[{"href":"https:\/\/divulguems.com.br\/index.php?rest_route=\/wp\/v2\/posts"}],"about":[{"href":"https:\/\/divulguems.com.br\/index.php?rest_route=\/wp\/v2\/types\/post"}],"author":[{"embeddable":true,"href":"https:\/\/divulguems.com.br\/index.php?rest_route=\/wp\/v2\/users\/1"}],"replies":[{"embeddable":true,"href":"https:\/\/divulguems.com.br\/index.php?rest_route=%2Fwp%2Fv2%2Fcomments&post=23312"}],"version-history":[{"count":0,"href":"https:\/\/divulguems.com.br\/index.php?rest_route=\/wp\/v2\/posts\/23312\/revisions"}],"wp:featuredmedia":[{"embeddable":true,"href":"https:\/\/divulguems.com.br\/index.php?rest_route=\/wp\/v2\/media\/23313"}],"wp:attachment":[{"href":"https:\/\/divulguems.com.br\/index.php?rest_route=%2Fwp%2Fv2%2Fmedia&parent=23312"}],"wp:term":[{"taxonomy":"category","embeddable":true,"href":"https:\/\/divulguems.com.br\/index.php?rest_route=%2Fwp%2Fv2%2Fcategories&post=23312"},{"taxonomy":"post_tag","embeddable":true,"href":"https:\/\/divulguems.com.br\/index.php?rest_route=%2Fwp%2Fv2%2Ftags&post=23312"}],"curies":[{"name":"wp","href":"https:\/\/api.w.org\/{rel}","templated":true}]}}