{"id":23320,"date":"2026-09-04T19:47:51","date_gmt":"2026-09-04T23:47:51","guid":{"rendered":"https:\/\/divulguems.com.br\/?p=23320"},"modified":"2026-09-04T19:47:51","modified_gmt":"2026-09-04T23:47:51","slug":"festival-da-cultura-japonesa-de-salvador-comeca-nesta-sexta-feira","status":"publish","type":"post","link":"https:\/\/divulguems.com.br\/?p=23320","title":{"rendered":"Festival\u00a0da\u00a0Cultura\u00a0Japonesa de Salvador come\u00e7a nesta sexta-feira"},"content":{"rendered":"<p>Come\u00e7a nesta sexta-feira (4), na Bahia, o\u00a0Festival\u00a0da\u00a0Cultura\u00a0Japonesa de Salvador. H\u00e1 v\u00e1rios anos, o p\u00fablico participa de atividades para fam\u00edlias, jovens e idosos, misturando tradi\u00e7\u00f5es milenares,\u00a0cultura\u00a0pop japonesa e o tempero baiano.<img decoding=\"async\" src=\"https:\/\/agenciabrasil.ebc.com.br\/ebc.png?id=1701539&#038;o=rss\"><img decoding=\"async\" src=\"https:\/\/agenciabrasil.ebc.com.br\/ebc.gif?id=1701539&#038;o=rss\"><\/p>\n<p>O\u00a0Festival\u00a0da\u00a0Cultura\u00a0Japonesa de Salvador vai at\u00e9 segunda-feira, no feriado de 7 de setembro.<\/p>\n<p>S\u00e3o quatro palcos, mais o espa\u00e7o para a tradicional dan\u00e7a circular Bon Odori, sempre no finalzinho da tarde.<\/p>\n<p>O palco Haru recebe quatro dias de shows musicais, apresenta\u00e7\u00f5es de ilusionismo, dan\u00e7as tradicionais e o concurso de beleza Miss Nikkey.\u00a0<\/p>\n<p>J\u00e1 o outro palco, Natsu, \u00e9 voltado para demonstra\u00e7\u00f5es de artes marciais, percuss\u00e3o e workshops de sum\u00f4.<\/p>\n<p>O terceiro palco, Mirai, \u00e9 um espa\u00e7o Pop para bate-papos sobre animes, encontros de f\u00e3s e concursos de cosplay.<\/p>\n<p>A novidade deste ano \u00e9 o palco Nami, dedicado para disputas de dan\u00e7a, al\u00e9m de bate-papo com dubladores.<\/p>\n<p>Quando bater a fome, muitos pratos t\u00edpicos e at\u00e9 oficinas de culin\u00e1ria, que ensinam a preparar sushi e dango, aquele docinho feito com farinha de arroz, para crian\u00e7as.<\/p>\n<p>Mas a\u00a0cultura\u00a0japonesa na Bahia n\u00e3o se resume a Salvador. O espa\u00e7o Bahia Nikkei tem v\u00e1rios itens artesanais e agr\u00edcolas produzidos em diferentes cidades do interior baiano.<\/p>\n<p>Tamb\u00e9m tem oficinas de origami, pintura japonesa, cerim\u00f4nia do ch\u00e1, \u00e1baco, e v\u00e1rias atividades com inscri\u00e7\u00f5es feitas no parque de exposi\u00e7\u00f5es\u00a0de Salvador.<\/p>\n<p>\u00a0<\/p>\n<p>  <span class=\"hms hms-format-m-ss\">1:29<\/span><\/p>\n","protected":false},"excerpt":{"rendered":"<p>Come\u00e7a nesta sexta-feira (4), na Bahia, o\u00a0Festival\u00a0da\u00a0Cultura\u00a0Japonesa de Salvador. H\u00e1 v\u00e1rios anos, o p\u00fablico participa de atividades para fam\u00edlias, jovens e idosos, misturando tradi\u00e7\u00f5es milenares,\u00a0cultura\u00a0pop japonesa e o tempero baiano. O\u00a0Festival\u00a0da\u00a0Cultura\u00a0Japonesa de Salvador vai at\u00e9 segunda-feira, no feriado de 7 de setembro. S\u00e3o quatro palcos, mais o espa\u00e7o para a tradicional dan\u00e7a circular Bon Odori, [&hellip;]<\/p>\n","protected":false},"author":462,"featured_media":23321,"comment_status":"open","ping_status":"open","sticky":false,"template":"","format":"standard","meta":{"site-sidebar-layout":"default","site-content-layout":"","ast-site-content-layout":"default","site-content-style":"default","site-sidebar-style":"default","ast-global-header-display":"","ast-banner-title-visibility":"","ast-main-header-display":"","ast-hfb-above-header-display":"","ast-hfb-below-header-display":"","ast-hfb-mobile-header-display":"","site-post-title":"","ast-breadcrumbs-content":"","ast-featured-img":"","footer-sml-layout":"","ast-disable-related-posts":"","theme-transparent-header-meta":"","adv-header-id-meta":"","stick-header-meta":"","header-above-stick-meta":"","header-main-stick-meta":"","header-below-stick-meta":"","astra-migrate-meta-layouts":"default","ast-page-background-enabled":"default","ast-page-background-meta":{"desktop":{"background-color":"var(--ast-global-color-4)","background-image":"","background-repeat":"repeat","background-position":"center center","background-size":"auto","background-attachment":"scroll","background-type":"","background-media":"","overlay-type":"","overlay-color":"","overlay-opacity":"","overlay-gradient":""},"tablet":{"background-color":"","background-image":"","background-repeat":"repeat","background-position":"center center","background-size":"auto","background-attachment":"scroll","background-type":"","background-media":"","overlay-type":"","overlay-color":"","overlay-opacity":"","overlay-gradient":""},"mobile":{"background-color":"","background-image":"","background-repeat":"repeat","background-position":"center center","background-size":"auto","background-attachment":"scroll","background-type":"","background-media":"","overlay-type":"","overlay-color":"","overlay-opacity":"","overlay-gradient":""}},"ast-content-background-meta":{"desktop":{"background-color":"var(--ast-global-color-5)","background-image":"","background-repeat":"repeat","background-position":"center center","background-size":"auto","background-attachment":"scroll","background-type":"","background-media":"","overlay-type":"","overlay-color":"","overlay-opacity":"","overlay-gradient":""},"tablet":{"background-color":"var(--ast-global-color-5)","background-image":"","background-repeat":"repeat","background-position":"center center","background-size":"auto","background-attachment":"scroll","background-type":"","background-media":"","overlay-type":"","overlay-color":"","overlay-opacity":"","overlay-gradient":""},"mobile":{"background-color":"var(--ast-global-color-5)","background-image":"","background-repeat":"repeat","background-position":"center center","background-size":"auto","background-attachment":"scroll","background-type":"","background-media":"","overlay-type":"","overlay-color":"","overlay-opacity":"","overlay-gradient":""}},"footnotes":""},"categories":[18],"tags":[],"class_list":["post-23320","post","type-post","status-publish","format-standard","has-post-thumbnail","hentry","category-educacao-e-carreiras"],"yoast_head":"<!-- This site is optimized with the Yoast SEO Premium plugin v23.6 (Yoast SEO v28.1) - https:\/\/yoast.com\/product\/yoast-seo-premium-wordpress\/ -->\n<title>Festival\u00a0da\u00a0Cultura\u00a0Japonesa de Salvador come\u00e7a nesta sexta-feira - Divulgue MS<\/title>\n<meta name=\"robots\" content=\"index, follow, max-snippet:-1, max-image-preview:large, max-video-preview:-1\" \/>\n<link rel=\"canonical\" href=\"https:\/\/divulguems.com.br\/?p=23320\" \/>\n<meta property=\"og:locale\" content=\"pt_BR\" \/>\n<meta property=\"og:type\" content=\"article\" \/>\n<meta property=\"og:title\" content=\"Festival\u00a0da\u00a0Cultura\u00a0Japonesa de Salvador come\u00e7a nesta sexta-feira\" \/>\n<meta property=\"og:description\" content=\"Come\u00e7a nesta sexta-feira (4), na Bahia, o\u00a0Festival\u00a0da\u00a0Cultura\u00a0Japonesa de Salvador. H\u00e1 v\u00e1rios anos, o p\u00fablico participa de atividades para fam\u00edlias, jovens e idosos, misturando tradi\u00e7\u00f5es milenares,\u00a0cultura\u00a0pop japonesa e o tempero baiano. O\u00a0Festival\u00a0da\u00a0Cultura\u00a0Japonesa de Salvador vai at\u00e9 segunda-feira, no feriado de 7 de setembro. S\u00e3o quatro palcos, mais o espa\u00e7o para a tradicional dan\u00e7a circular Bon Odori, [&hellip;]\" \/>\n<meta property=\"og:url\" content=\"https:\/\/divulguems.com.br\/?p=23320\" \/>\n<meta property=\"og:site_name\" content=\"Divulgue MS\" \/>\n<meta property=\"article:publisher\" content=\"https:\/\/www.facebook.com\/portalinfocobrasil\" \/>\n<meta property=\"article:published_time\" content=\"2026-09-04T23:47:51+00:00\" \/>\n<meta property=\"og:image\" content=\"https:\/\/agenciabrasil.ebc.com.br\/ebc.png?id=1701539&o=rss\" \/>\n<meta name=\"author\" content=\"Gabriel Correa - Reporter da Radio Nacional\" \/>\n<meta name=\"twitter:card\" content=\"summary_large_image\" \/>\n<meta name=\"twitter:label1\" content=\"Escrito por\" \/>\n\t<meta name=\"twitter:data1\" content=\"Gabriel Correa - Reporter da Radio Nacional\" \/>\n\t<meta name=\"twitter:label2\" content=\"Est. tempo de leitura\" \/>\n\t<meta name=\"twitter:data2\" content=\"1 minuto\" \/>\n<script type=\"application\/ld+json\" class=\"yoast-schema-graph\">{\"@context\":\"https:\\\/\\\/schema.org\",\"@graph\":[{\"@type\":\"Article\",\"@id\":\"https:\\\/\\\/divulguems.com.br\\\/?p=23320#article\",\"isPartOf\":{\"@id\":\"https:\\\/\\\/divulguems.com.br\\\/?p=23320\"},\"author\":{\"name\":\"Gabriel Correa - Reporter da Radio Nacional\",\"@id\":\"https:\\\/\\\/divulguems.com.br\\\/#\\\/schema\\\/person\\\/bfbb07e5a4582d8bf62a8eda3732c750\"},\"headline\":\"Festival\u00a0da\u00a0Cultura\u00a0Japonesa de Salvador come\u00e7a nesta sexta-feira\",\"datePublished\":\"2026-09-04T23:47:51+00:00\",\"mainEntityOfPage\":{\"@id\":\"https:\\\/\\\/divulguems.com.br\\\/?p=23320\"},\"wordCount\":257,\"commentCount\":0,\"publisher\":{\"@id\":\"https:\\\/\\\/divulguems.com.br\\\/#organization\"},\"image\":{\"@id\":\"https:\\\/\\\/divulguems.com.br\\\/?p=23320#primaryimage\"},\"thumbnailUrl\":\"https:\\\/\\\/divulguems.com.br\\\/wp-content\\\/uploads\\\/2026\\\/09\\\/23320-festival-da-cultura-japonesa-de-salvador-comeca-nesta-sexta-feira.png\",\"articleSection\":[\"Educa\u00e7\u00e3o e Carreiras\"],\"inLanguage\":\"pt-BR\",\"potentialAction\":[{\"@type\":\"CommentAction\",\"name\":\"Comment\",\"target\":[\"https:\\\/\\\/divulguems.com.br\\\/?p=23320#respond\"]}]},{\"@type\":\"WebPage\",\"@id\":\"https:\\\/\\\/divulguems.com.br\\\/?p=23320\",\"url\":\"https:\\\/\\\/divulguems.com.br\\\/?p=23320\",\"name\":\"Festival\u00a0da\u00a0Cultura\u00a0Japonesa de Salvador come\u00e7a nesta sexta-feira - Divulgue MS\",\"isPartOf\":{\"@id\":\"https:\\\/\\\/divulguems.com.br\\\/#website\"},\"primaryImageOfPage\":{\"@id\":\"https:\\\/\\\/divulguems.com.br\\\/?p=23320#primaryimage\"},\"image\":{\"@id\":\"https:\\\/\\\/divulguems.com.br\\\/?p=23320#primaryimage\"},\"thumbnailUrl\":\"https:\\\/\\\/divulguems.com.br\\\/wp-content\\\/uploads\\\/2026\\\/09\\\/23320-festival-da-cultura-japonesa-de-salvador-comeca-nesta-sexta-feira.png\",\"datePublished\":\"2026-09-04T23:47:51+00:00\",\"breadcrumb\":{\"@id\":\"https:\\\/\\\/divulguems.com.br\\\/?p=23320#breadcrumb\"},\"inLanguage\":\"pt-BR\",\"potentialAction\":[{\"@type\":\"ReadAction\",\"target\":[\"https:\\\/\\\/divulguems.com.br\\\/?p=23320\"]}]},{\"@type\":\"ImageObject\",\"inLanguage\":\"pt-BR\",\"@id\":\"https:\\\/\\\/divulguems.com.br\\\/?p=23320#primaryimage\",\"url\":\"https:\\\/\\\/divulguems.com.br\\\/wp-content\\\/uploads\\\/2026\\\/09\\\/23320-festival-da-cultura-japonesa-de-salvador-comeca-nesta-sexta-feira.png\",\"contentUrl\":\"https:\\\/\\\/divulguems.com.br\\\/wp-content\\\/uploads\\\/2026\\\/09\\\/23320-festival-da-cultura-japonesa-de-salvador-comeca-nesta-sexta-feira.png\",\"width\":1200,\"height\":600,\"caption\":\"Festival\u00a0da\u00a0Cultura\u00a0Japonesa de Salvador come\u00e7a nesta sexta-feira\"},{\"@type\":\"BreadcrumbList\",\"@id\":\"https:\\\/\\\/divulguems.com.br\\\/?p=23320#breadcrumb\",\"itemListElement\":[{\"@type\":\"ListItem\",\"position\":1,\"name\":\"In\u00edcio\",\"item\":\"https:\\\/\\\/divulguems.com.br\\\/\"},{\"@type\":\"ListItem\",\"position\":2,\"name\":\"Festival\u00a0da\u00a0Cultura\u00a0Japonesa de Salvador come\u00e7a nesta sexta-feira\"}]},{\"@type\":\"WebSite\",\"@id\":\"https:\\\/\\\/divulguems.com.br\\\/#website\",\"url\":\"https:\\\/\\\/divulguems.com.br\\\/\",\"name\":\"Portal Infoco Brasil\",\"description\":\"L\u00edder de audi\u00eancia.\",\"publisher\":{\"@id\":\"https:\\\/\\\/divulguems.com.br\\\/#organization\"},\"potentialAction\":[{\"@type\":\"SearchAction\",\"target\":{\"@type\":\"EntryPoint\",\"urlTemplate\":\"https:\\\/\\\/divulguems.com.br\\\/?s={search_term_string}\"},\"query-input\":{\"@type\":\"PropertyValueSpecification\",\"valueRequired\":true,\"valueName\":\"search_term_string\"}}],\"inLanguage\":\"pt-BR\"},{\"@type\":\"Organization\",\"@id\":\"https:\\\/\\\/divulguems.com.br\\\/#organization\",\"name\":\"Portal Infoco Brasil\",\"url\":\"https:\\\/\\\/divulguems.com.br\\\/\",\"logo\":{\"@type\":\"ImageObject\",\"inLanguage\":\"pt-BR\",\"@id\":\"https:\\\/\\\/divulguems.com.br\\\/#\\\/schema\\\/logo\\\/image\\\/\",\"url\":\"https:\\\/\\\/divulguems.com.br\\\/wp-content\\\/uploads\\\/2025\\\/04\\\/LOGO-PNG-AZUL.png\",\"contentUrl\":\"https:\\\/\\\/divulguems.com.br\\\/wp-content\\\/uploads\\\/2025\\\/04\\\/LOGO-PNG-AZUL.png\",\"width\":1166,\"height\":475,\"caption\":\"Portal Infoco Brasil\"},\"image\":{\"@id\":\"https:\\\/\\\/divulguems.com.br\\\/#\\\/schema\\\/logo\\\/image\\\/\"},\"sameAs\":[\"https:\\\/\\\/www.facebook.com\\\/portalinfocobrasil\",\"https:\\\/\\\/www.instagram.com\\\/portalinfocobrasil\"]},{\"@type\":\"Person\",\"@id\":\"https:\\\/\\\/divulguems.com.br\\\/#\\\/schema\\\/person\\\/bfbb07e5a4582d8bf62a8eda3732c750\",\"name\":\"Gabriel Correa - Reporter da Radio Nacional\",\"image\":{\"@type\":\"ImageObject\",\"inLanguage\":\"pt-BR\",\"@id\":\"https:\\\/\\\/secure.gravatar.com\\\/avatar\\\/3b9126790d0616b677f1d200d8072fabf7b9a471c8e68b733cb7d7d25e3567fa?s=96&d=mm&r=g\",\"url\":\"https:\\\/\\\/secure.gravatar.com\\\/avatar\\\/3b9126790d0616b677f1d200d8072fabf7b9a471c8e68b733cb7d7d25e3567fa?s=96&d=mm&r=g\",\"contentUrl\":\"https:\\\/\\\/secure.gravatar.com\\\/avatar\\\/3b9126790d0616b677f1d200d8072fabf7b9a471c8e68b733cb7d7d25e3567fa?s=96&d=mm&r=g\",\"caption\":\"Gabriel Correa - Reporter da Radio Nacional\"},\"url\":\"https:\\\/\\\/divulguems.com.br\\\/?author=462\"}]}<\/script>\n<!-- \/ Yoast SEO Premium plugin. -->","yoast_head_json":{"title":"Festival\u00a0da\u00a0Cultura\u00a0Japonesa de Salvador come\u00e7a nesta sexta-feira - Divulgue MS","robots":{"index":"index","follow":"follow","max-snippet":"max-snippet:-1","max-image-preview":"max-image-preview:large","max-video-preview":"max-video-preview:-1"},"canonical":"https:\/\/divulguems.com.br\/?p=23320","og_locale":"pt_BR","og_type":"article","og_title":"Festival\u00a0da\u00a0Cultura\u00a0Japonesa de Salvador come\u00e7a nesta sexta-feira","og_description":"Come\u00e7a nesta sexta-feira (4), na Bahia, o\u00a0Festival\u00a0da\u00a0Cultura\u00a0Japonesa de Salvador. H\u00e1 v\u00e1rios anos, o p\u00fablico participa de atividades para fam\u00edlias, jovens e idosos, misturando tradi\u00e7\u00f5es milenares,\u00a0cultura\u00a0pop japonesa e o tempero baiano. O\u00a0Festival\u00a0da\u00a0Cultura\u00a0Japonesa de Salvador vai at\u00e9 segunda-feira, no feriado de 7 de setembro. S\u00e3o quatro palcos, mais o espa\u00e7o para a tradicional dan\u00e7a circular Bon Odori, [&hellip;]","og_url":"https:\/\/divulguems.com.br\/?p=23320","og_site_name":"Divulgue MS","article_publisher":"https:\/\/www.facebook.com\/portalinfocobrasil","article_published_time":"2026-09-04T23:47:51+00:00","og_image":[{"url":"https:\/\/agenciabrasil.ebc.com.br\/ebc.png?id=1701539&o=rss","type":"","width":"","height":""}],"author":"Gabriel Correa - Reporter da Radio Nacional","twitter_card":"summary_large_image","twitter_misc":{"Escrito por":"Gabriel Correa - Reporter da Radio Nacional","Est. tempo de leitura":"1 minuto"},"schema":{"@context":"https:\/\/schema.org","@graph":[{"@type":"Article","@id":"https:\/\/divulguems.com.br\/?p=23320#article","isPartOf":{"@id":"https:\/\/divulguems.com.br\/?p=23320"},"author":{"name":"Gabriel Correa - Reporter da Radio Nacional","@id":"https:\/\/divulguems.com.br\/#\/schema\/person\/bfbb07e5a4582d8bf62a8eda3732c750"},"headline":"Festival\u00a0da\u00a0Cultura\u00a0Japonesa de Salvador come\u00e7a nesta sexta-feira","datePublished":"2026-09-04T23:47:51+00:00","mainEntityOfPage":{"@id":"https:\/\/divulguems.com.br\/?p=23320"},"wordCount":257,"commentCount":0,"publisher":{"@id":"https:\/\/divulguems.com.br\/#organization"},"image":{"@id":"https:\/\/divulguems.com.br\/?p=23320#primaryimage"},"thumbnailUrl":"https:\/\/divulguems.com.br\/wp-content\/uploads\/2026\/09\/23320-festival-da-cultura-japonesa-de-salvador-comeca-nesta-sexta-feira.png","articleSection":["Educa\u00e7\u00e3o e Carreiras"],"inLanguage":"pt-BR","potentialAction":[{"@type":"CommentAction","name":"Comment","target":["https:\/\/divulguems.com.br\/?p=23320#respond"]}]},{"@type":"WebPage","@id":"https:\/\/divulguems.com.br\/?p=23320","url":"https:\/\/divulguems.com.br\/?p=23320","name":"Festival\u00a0da\u00a0Cultura\u00a0Japonesa de Salvador come\u00e7a nesta sexta-feira - Divulgue MS","isPartOf":{"@id":"https:\/\/divulguems.com.br\/#website"},"primaryImageOfPage":{"@id":"https:\/\/divulguems.com.br\/?p=23320#primaryimage"},"image":{"@id":"https:\/\/divulguems.com.br\/?p=23320#primaryimage"},"thumbnailUrl":"https:\/\/divulguems.com.br\/wp-content\/uploads\/2026\/09\/23320-festival-da-cultura-japonesa-de-salvador-comeca-nesta-sexta-feira.png","datePublished":"2026-09-04T23:47:51+00:00","breadcrumb":{"@id":"https:\/\/divulguems.com.br\/?p=23320#breadcrumb"},"inLanguage":"pt-BR","potentialAction":[{"@type":"ReadAction","target":["https:\/\/divulguems.com.br\/?p=23320"]}]},{"@type":"ImageObject","inLanguage":"pt-BR","@id":"https:\/\/divulguems.com.br\/?p=23320#primaryimage","url":"https:\/\/divulguems.com.br\/wp-content\/uploads\/2026\/09\/23320-festival-da-cultura-japonesa-de-salvador-comeca-nesta-sexta-feira.png","contentUrl":"https:\/\/divulguems.com.br\/wp-content\/uploads\/2026\/09\/23320-festival-da-cultura-japonesa-de-salvador-comeca-nesta-sexta-feira.png","width":1200,"height":600,"caption":"Festival\u00a0da\u00a0Cultura\u00a0Japonesa de Salvador come\u00e7a nesta sexta-feira"},{"@type":"BreadcrumbList","@id":"https:\/\/divulguems.com.br\/?p=23320#breadcrumb","itemListElement":[{"@type":"ListItem","position":1,"name":"In\u00edcio","item":"https:\/\/divulguems.com.br\/"},{"@type":"ListItem","position":2,"name":"Festival\u00a0da\u00a0Cultura\u00a0Japonesa de Salvador come\u00e7a nesta sexta-feira"}]},{"@type":"WebSite","@id":"https:\/\/divulguems.com.br\/#website","url":"https:\/\/divulguems.com.br\/","name":"Portal Infoco Brasil","description":"L\u00edder de audi\u00eancia.","publisher":{"@id":"https:\/\/divulguems.com.br\/#organization"},"potentialAction":[{"@type":"SearchAction","target":{"@type":"EntryPoint","urlTemplate":"https:\/\/divulguems.com.br\/?s={search_term_string}"},"query-input":{"@type":"PropertyValueSpecification","valueRequired":true,"valueName":"search_term_string"}}],"inLanguage":"pt-BR"},{"@type":"Organization","@id":"https:\/\/divulguems.com.br\/#organization","name":"Portal Infoco Brasil","url":"https:\/\/divulguems.com.br\/","logo":{"@type":"ImageObject","inLanguage":"pt-BR","@id":"https:\/\/divulguems.com.br\/#\/schema\/logo\/image\/","url":"https:\/\/divulguems.com.br\/wp-content\/uploads\/2025\/04\/LOGO-PNG-AZUL.png","contentUrl":"https:\/\/divulguems.com.br\/wp-content\/uploads\/2025\/04\/LOGO-PNG-AZUL.png","width":1166,"height":475,"caption":"Portal Infoco Brasil"},"image":{"@id":"https:\/\/divulguems.com.br\/#\/schema\/logo\/image\/"},"sameAs":["https:\/\/www.facebook.com\/portalinfocobrasil","https:\/\/www.instagram.com\/portalinfocobrasil"]},{"@type":"Person","@id":"https:\/\/divulguems.com.br\/#\/schema\/person\/bfbb07e5a4582d8bf62a8eda3732c750","name":"Gabriel Correa - Reporter da Radio Nacional","image":{"@type":"ImageObject","inLanguage":"pt-BR","@id":"https:\/\/secure.gravatar.com\/avatar\/3b9126790d0616b677f1d200d8072fabf7b9a471c8e68b733cb7d7d25e3567fa?s=96&d=mm&r=g","url":"https:\/\/secure.gravatar.com\/avatar\/3b9126790d0616b677f1d200d8072fabf7b9a471c8e68b733cb7d7d25e3567fa?s=96&d=mm&r=g","contentUrl":"https:\/\/secure.gravatar.com\/avatar\/3b9126790d0616b677f1d200d8072fabf7b9a471c8e68b733cb7d7d25e3567fa?s=96&d=mm&r=g","caption":"Gabriel Correa - Reporter da Radio Nacional"},"url":"https:\/\/divulguems.com.br\/?author=462"}]}},"_links":{"self":[{"href":"https:\/\/divulguems.com.br\/index.php?rest_route=\/wp\/v2\/posts\/23320","targetHints":{"allow":["GET"]}}],"collection":[{"href":"https:\/\/divulguems.com.br\/index.php?rest_route=\/wp\/v2\/posts"}],"about":[{"href":"https:\/\/divulguems.com.br\/index.php?rest_route=\/wp\/v2\/types\/post"}],"author":[{"embeddable":true,"href":"https:\/\/divulguems.com.br\/index.php?rest_route=\/wp\/v2\/users\/462"}],"replies":[{"embeddable":true,"href":"https:\/\/divulguems.com.br\/index.php?rest_route=%2Fwp%2Fv2%2Fcomments&post=23320"}],"version-history":[{"count":0,"href":"https:\/\/divulguems.com.br\/index.php?rest_route=\/wp\/v2\/posts\/23320\/revisions"}],"wp:featuredmedia":[{"embeddable":true,"href":"https:\/\/divulguems.com.br\/index.php?rest_route=\/wp\/v2\/media\/23321"}],"wp:attachment":[{"href":"https:\/\/divulguems.com.br\/index.php?rest_route=%2Fwp%2Fv2%2Fmedia&parent=23320"}],"wp:term":[{"taxonomy":"category","embeddable":true,"href":"https:\/\/divulguems.com.br\/index.php?rest_route=%2Fwp%2Fv2%2Fcategories&post=23320"},{"taxonomy":"post_tag","embeddable":true,"href":"https:\/\/divulguems.com.br\/index.php?rest_route=%2Fwp%2Fv2%2Ftags&post=23320"}],"curies":[{"name":"wp","href":"https:\/\/api.w.org\/{rel}","templated":true}]}}