{"id":23328,"date":"2026-09-04T22:54:19","date_gmt":"2026-09-05T02:54:19","guid":{"rendered":"https:\/\/divulguems.com.br\/?p=23328"},"modified":"2026-09-04T22:54:19","modified_gmt":"2026-09-05T02:54:19","slug":"cabral-e-condenado-por-esquema-de-regalias-durante-prisao-no-rio","status":"publish","type":"post","link":"https:\/\/divulguems.com.br\/?p=23328","title":{"rendered":"Cabral \u00e9 condenado por esquema de regalias durante pris\u00e3o no Rio"},"content":{"rendered":"<\/p>\n<p><a class=\"\" href=\"https:\/\/agenciabrasil.ebc.com.br\/justica\/noticia\/2026-09\/cabral-e-condenado-por-esquema-de-regalias-durante-prisao-no-rio\"><br \/>\n                    <img decoding=\"async\" src=\"https:\/\/cdn.jsdelivr.net\/gh\/sergiosdlima\/assets-ebc@1.0.0\/abr\/assets\/images\/logo-agenciabrasil.svg\" alt=\"Logo Ag\u00eancia Brasil\"><br \/>\n\t\t\t\t<\/a><\/p>\n<p><strong>O ex-governador S\u00e9rgio Cabral foi condenado pela Justi\u00e7a do Rio por improbidade administrativa no esquema de regalias montado durante sua pris\u00e3o na Cadeia P\u00fablica Jos\u00e9 Frederico Marques, em Benfica, e na Penitenci\u00e1ria de Bangu 8, no Complexo de Gericin\u00f3.\u00a0<\/strong><img decoding=\"async\" src=\"https:\/\/agenciabrasil.ebc.com.br\/ebc.png?id=1701599&#038;o=rss\"><img decoding=\"async\" src=\"https:\/\/agenciabrasil.ebc.com.br\/ebc.gif?id=1701599&#038;o=rss\"><\/p>\n<p>Cabral esteve preso nas duas unidades do sistema penitenci\u00e1rio entre 2016 e 2018.\u00a0\u00a0<\/p>\n<\/p>\n<h3>Not\u00edcias relacionadas:<\/h3>\n<ul>\n<li><a href=\"https:\/\/agenciabrasil.ebc.com.br\/justica\/noticia\/2025-10\/ex-governadores-cabral-e-pezao-sao-condenados-em-mais-de-r-4-bilhoes\">Ex-governadores Cabral e Pez\u00e3o s\u00e3o condenados em mais de R$ 4 bilh\u00f5es.<\/a><\/li>\n<\/ul>\n<p>Os desembargadores da 4\u00aa C\u00e2mara de Direito P\u00fablico do Tribunal de Justi\u00e7a conclu\u00edram que houve uma estrutura montada dentro do sistema penitenci\u00e1rio para beneficiar Cabral. <strong>O esquema envolvia a entrada irregular de equipamentos, como televis\u00e3o, som e foi montada\u00a0at\u00e9 uma sala para apresenta\u00e7\u00e3o de filmes.\u00a0<\/strong><\/p>\n<p>O ex-governador recebia alimentos sofisticados e outros objetos proibidos. O esquema tamb\u00e9m inclu\u00eda visitas fora das regras e falhas deliberadas nos sistemas de controle.<\/p>\n<p>Cabral tinha uma TV de 65 polegadas e um aparelho de home theater, al\u00e9m de colch\u00e3o diferenciado, alimentos proibidos, equipamentos de muscula\u00e7\u00e3o, eletrodom\u00e9sticos e acesso facilitado a visitas.\u00a0<\/p>\n<p>De acordo com o relator, desembargador Caetano Ernesto da Fonseca Costa, n\u00e3o houve simples falha administrativa.\u00a0<\/p>\n<blockquote>\n<p>\u201cOs envolvidos atuaram de forma consciente para esconder atos oficiais e dificultar a fiscaliza\u00e7\u00e3o. A conduta feriu a impessoalidade e a confian\u00e7a da sociedade no sistema prisional\u201d, escreveu na decis\u00e3o.<\/p>\n<\/blockquote>\n<p><strong>Al\u00e9m de S\u00e9rgio Cabral, foram condenados o ex-secret\u00e1rio de Administra\u00e7\u00e3o Penitenci\u00e1ria Erir Ribeiro Costa Filho e os agentes penitenci\u00e1rios\u00a0Alex de Lima Carvalho, Fabio Ferraz Sodr\u00e9, Sauler Antonio Sakalen, Fernando Lima de Farias e Nilton Cesar Vieira da Silva. <\/strong>Todos ocupavam cargos de gest\u00e3o na Secretaria de Administra\u00e7\u00e3o Penitenci\u00e1ria (Seap) ou nas unidades prisionais envolvidas.<\/p>\n<p><strong>Cabral ter\u00e1 de pagar multa equivalente a 12 vezes sua \u00faltima remunera\u00e7\u00e3o como governador, al\u00e9m de R$ 1 milh\u00e3o por danos morais coletivos. <\/strong><\/p>\n<p>Os outros seis condenados pagar\u00e3o multa correspondente a cinco vezes a \u00faltima remunera\u00e7\u00e3o em seus cargos e R$ 100 mil cada por danos morais coletivos. Os valores dos danos morais ser\u00e3o destinados ao Fundo de Defesa de Direitos Difusos, do Minist\u00e9rio da Justi\u00e7a e Seguran\u00e7a P\u00fablica.<\/p>\n","protected":false},"excerpt":{"rendered":"<p>O ex-governador S\u00e9rgio Cabral foi condenado pela Justi\u00e7a do Rio por improbidade administrativa no esquema de regalias montado durante sua pris\u00e3o na Cadeia P\u00fablica Jos\u00e9 Frederico Marques, em Benfica, e na Penitenci\u00e1ria de Bangu 8, no Complexo de Gericin\u00f3.\u00a0 Cabral esteve preso nas duas unidades do sistema penitenci\u00e1rio entre 2016 e 2018.\u00a0\u00a0 Not\u00edcias relacionadas: Ex-governadores [&hellip;]<\/p>\n","protected":false},"author":134,"featured_media":23329,"comment_status":"open","ping_status":"open","sticky":false,"template":"","format":"standard","meta":{"site-sidebar-layout":"default","site-content-layout":"","ast-site-content-layout":"default","site-content-style":"default","site-sidebar-style":"default","ast-global-header-display":"","ast-banner-title-visibility":"","ast-main-header-display":"","ast-hfb-above-header-display":"","ast-hfb-below-header-display":"","ast-hfb-mobile-header-display":"","site-post-title":"","ast-breadcrumbs-content":"","ast-featured-img":"","footer-sml-layout":"","ast-disable-related-posts":"","theme-transparent-header-meta":"","adv-header-id-meta":"","stick-header-meta":"","header-above-stick-meta":"","header-main-stick-meta":"","header-below-stick-meta":"","astra-migrate-meta-layouts":"default","ast-page-background-enabled":"default","ast-page-background-meta":{"desktop":{"background-color":"var(--ast-global-color-4)","background-image":"","background-repeat":"repeat","background-position":"center center","background-size":"auto","background-attachment":"scroll","background-type":"","background-media":"","overlay-type":"","overlay-color":"","overlay-opacity":"","overlay-gradient":""},"tablet":{"background-color":"","background-image":"","background-repeat":"repeat","background-position":"center center","background-size":"auto","background-attachment":"scroll","background-type":"","background-media":"","overlay-type":"","overlay-color":"","overlay-opacity":"","overlay-gradient":""},"mobile":{"background-color":"","background-image":"","background-repeat":"repeat","background-position":"center center","background-size":"auto","background-attachment":"scroll","background-type":"","background-media":"","overlay-type":"","overlay-color":"","overlay-opacity":"","overlay-gradient":""}},"ast-content-background-meta":{"desktop":{"background-color":"var(--ast-global-color-5)","background-image":"","background-repeat":"repeat","background-position":"center center","background-size":"auto","background-attachment":"scroll","background-type":"","background-media":"","overlay-type":"","overlay-color":"","overlay-opacity":"","overlay-gradient":""},"tablet":{"background-color":"var(--ast-global-color-5)","background-image":"","background-repeat":"repeat","background-position":"center center","background-size":"auto","background-attachment":"scroll","background-type":"","background-media":"","overlay-type":"","overlay-color":"","overlay-opacity":"","overlay-gradient":""},"mobile":{"background-color":"var(--ast-global-color-5)","background-image":"","background-repeat":"repeat","background-position":"center center","background-size":"auto","background-attachment":"scroll","background-type":"","background-media":"","overlay-type":"","overlay-color":"","overlay-opacity":"","overlay-gradient":""}},"footnotes":""},"categories":[1],"tags":[],"class_list":["post-23328","post","type-post","status-publish","format-standard","has-post-thumbnail","hentry","category-sem-categoria"],"yoast_head":"<!-- This site is optimized with the Yoast SEO Premium plugin v23.6 (Yoast SEO v28.1) - https:\/\/yoast.com\/product\/yoast-seo-premium-wordpress\/ -->\n<title>Cabral \u00e9 condenado por esquema de regalias durante pris\u00e3o no Rio - Divulgue MS<\/title>\n<meta name=\"robots\" content=\"index, follow, max-snippet:-1, max-image-preview:large, max-video-preview:-1\" \/>\n<link rel=\"canonical\" href=\"https:\/\/divulguems.com.br\/?p=23328\" \/>\n<meta property=\"og:locale\" content=\"pt_BR\" \/>\n<meta property=\"og:type\" content=\"article\" \/>\n<meta property=\"og:title\" content=\"Cabral \u00e9 condenado por esquema de regalias durante pris\u00e3o no Rio\" \/>\n<meta property=\"og:description\" content=\"O ex-governador S\u00e9rgio Cabral foi condenado pela Justi\u00e7a do Rio por improbidade administrativa no esquema de regalias montado durante sua pris\u00e3o na Cadeia P\u00fablica Jos\u00e9 Frederico Marques, em Benfica, e na Penitenci\u00e1ria de Bangu 8, no Complexo de Gericin\u00f3.\u00a0 Cabral esteve preso nas duas unidades do sistema penitenci\u00e1rio entre 2016 e 2018.\u00a0\u00a0 Not\u00edcias relacionadas: Ex-governadores [&hellip;]\" \/>\n<meta property=\"og:url\" content=\"https:\/\/divulguems.com.br\/?p=23328\" \/>\n<meta property=\"og:site_name\" content=\"Divulgue MS\" \/>\n<meta property=\"article:publisher\" content=\"https:\/\/www.facebook.com\/portalinfocobrasil\" \/>\n<meta property=\"article:published_time\" content=\"2026-09-05T02:54:19+00:00\" \/>\n<meta property=\"og:image\" content=\"https:\/\/cdn.jsdelivr.net\/gh\/sergiosdlima\/assets-ebc@1.0.0\/abr\/assets\/images\/logo-agenciabrasil.svg\" \/>\n<meta name=\"author\" content=\"Douglas Correa - Reporter da Agencia Brasil\" \/>\n<meta name=\"twitter:card\" content=\"summary_large_image\" \/>\n<meta name=\"twitter:label1\" content=\"Escrito por\" \/>\n\t<meta name=\"twitter:data1\" content=\"Douglas Correa - Reporter da Agencia Brasil\" \/>\n\t<meta name=\"twitter:label2\" content=\"Est. tempo de leitura\" \/>\n\t<meta name=\"twitter:data2\" content=\"2 minutos\" \/>\n<script type=\"application\/ld+json\" class=\"yoast-schema-graph\">{\"@context\":\"https:\\\/\\\/schema.org\",\"@graph\":[{\"@type\":\"Article\",\"@id\":\"https:\\\/\\\/divulguems.com.br\\\/?p=23328#article\",\"isPartOf\":{\"@id\":\"https:\\\/\\\/divulguems.com.br\\\/?p=23328\"},\"author\":{\"name\":\"Douglas Correa - Reporter da Agencia Brasil\",\"@id\":\"https:\\\/\\\/divulguems.com.br\\\/#\\\/schema\\\/person\\\/57a8d6c484f4251fce22a206f2c495ed\"},\"headline\":\"Cabral \u00e9 condenado por esquema de regalias durante pris\u00e3o no Rio\",\"datePublished\":\"2026-09-05T02:54:19+00:00\",\"mainEntityOfPage\":{\"@id\":\"https:\\\/\\\/divulguems.com.br\\\/?p=23328\"},\"wordCount\":382,\"commentCount\":0,\"publisher\":{\"@id\":\"https:\\\/\\\/divulguems.com.br\\\/#organization\"},\"image\":{\"@id\":\"https:\\\/\\\/divulguems.com.br\\\/?p=23328#primaryimage\"},\"thumbnailUrl\":\"https:\\\/\\\/divulguems.com.br\\\/wp-content\\\/uploads\\\/2026\\\/09\\\/23328-cabral-e-condenado-por-esquema-de-regalias-durante-prisao-no-rio.jpg\",\"articleSection\":[\"\u00daltimas Not\u00edcias\"],\"inLanguage\":\"pt-BR\",\"potentialAction\":[{\"@type\":\"CommentAction\",\"name\":\"Comment\",\"target\":[\"https:\\\/\\\/divulguems.com.br\\\/?p=23328#respond\"]}]},{\"@type\":\"WebPage\",\"@id\":\"https:\\\/\\\/divulguems.com.br\\\/?p=23328\",\"url\":\"https:\\\/\\\/divulguems.com.br\\\/?p=23328\",\"name\":\"Cabral \u00e9 condenado por esquema de regalias durante pris\u00e3o no Rio - Divulgue MS\",\"isPartOf\":{\"@id\":\"https:\\\/\\\/divulguems.com.br\\\/#website\"},\"primaryImageOfPage\":{\"@id\":\"https:\\\/\\\/divulguems.com.br\\\/?p=23328#primaryimage\"},\"image\":{\"@id\":\"https:\\\/\\\/divulguems.com.br\\\/?p=23328#primaryimage\"},\"thumbnailUrl\":\"https:\\\/\\\/divulguems.com.br\\\/wp-content\\\/uploads\\\/2026\\\/09\\\/23328-cabral-e-condenado-por-esquema-de-regalias-durante-prisao-no-rio.jpg\",\"datePublished\":\"2026-09-05T02:54:19+00:00\",\"breadcrumb\":{\"@id\":\"https:\\\/\\\/divulguems.com.br\\\/?p=23328#breadcrumb\"},\"inLanguage\":\"pt-BR\",\"potentialAction\":[{\"@type\":\"ReadAction\",\"target\":[\"https:\\\/\\\/divulguems.com.br\\\/?p=23328\"]}]},{\"@type\":\"ImageObject\",\"inLanguage\":\"pt-BR\",\"@id\":\"https:\\\/\\\/divulguems.com.br\\\/?p=23328#primaryimage\",\"url\":\"https:\\\/\\\/divulguems.com.br\\\/wp-content\\\/uploads\\\/2026\\\/09\\\/23328-cabral-e-condenado-por-esquema-de-regalias-durante-prisao-no-rio.jpg\",\"contentUrl\":\"https:\\\/\\\/divulguems.com.br\\\/wp-content\\\/uploads\\\/2026\\\/09\\\/23328-cabral-e-condenado-por-esquema-de-regalias-durante-prisao-no-rio.jpg\",\"width\":1600,\"height\":800,\"caption\":\"Cabral \u00e9 condenado por esquema de regalias durante pris\u00e3o no Rio\"},{\"@type\":\"BreadcrumbList\",\"@id\":\"https:\\\/\\\/divulguems.com.br\\\/?p=23328#breadcrumb\",\"itemListElement\":[{\"@type\":\"ListItem\",\"position\":1,\"name\":\"In\u00edcio\",\"item\":\"https:\\\/\\\/divulguems.com.br\\\/\"},{\"@type\":\"ListItem\",\"position\":2,\"name\":\"Cabral \u00e9 condenado por esquema de regalias durante pris\u00e3o no Rio\"}]},{\"@type\":\"WebSite\",\"@id\":\"https:\\\/\\\/divulguems.com.br\\\/#website\",\"url\":\"https:\\\/\\\/divulguems.com.br\\\/\",\"name\":\"Portal Infoco Brasil\",\"description\":\"L\u00edder de audi\u00eancia.\",\"publisher\":{\"@id\":\"https:\\\/\\\/divulguems.com.br\\\/#organization\"},\"potentialAction\":[{\"@type\":\"SearchAction\",\"target\":{\"@type\":\"EntryPoint\",\"urlTemplate\":\"https:\\\/\\\/divulguems.com.br\\\/?s={search_term_string}\"},\"query-input\":{\"@type\":\"PropertyValueSpecification\",\"valueRequired\":true,\"valueName\":\"search_term_string\"}}],\"inLanguage\":\"pt-BR\"},{\"@type\":\"Organization\",\"@id\":\"https:\\\/\\\/divulguems.com.br\\\/#organization\",\"name\":\"Portal Infoco Brasil\",\"url\":\"https:\\\/\\\/divulguems.com.br\\\/\",\"logo\":{\"@type\":\"ImageObject\",\"inLanguage\":\"pt-BR\",\"@id\":\"https:\\\/\\\/divulguems.com.br\\\/#\\\/schema\\\/logo\\\/image\\\/\",\"url\":\"https:\\\/\\\/divulguems.com.br\\\/wp-content\\\/uploads\\\/2025\\\/04\\\/LOGO-PNG-AZUL.png\",\"contentUrl\":\"https:\\\/\\\/divulguems.com.br\\\/wp-content\\\/uploads\\\/2025\\\/04\\\/LOGO-PNG-AZUL.png\",\"width\":1166,\"height\":475,\"caption\":\"Portal Infoco Brasil\"},\"image\":{\"@id\":\"https:\\\/\\\/divulguems.com.br\\\/#\\\/schema\\\/logo\\\/image\\\/\"},\"sameAs\":[\"https:\\\/\\\/www.facebook.com\\\/portalinfocobrasil\",\"https:\\\/\\\/www.instagram.com\\\/portalinfocobrasil\"]},{\"@type\":\"Person\",\"@id\":\"https:\\\/\\\/divulguems.com.br\\\/#\\\/schema\\\/person\\\/57a8d6c484f4251fce22a206f2c495ed\",\"name\":\"Douglas Correa - Reporter da Agencia Brasil\",\"image\":{\"@type\":\"ImageObject\",\"inLanguage\":\"pt-BR\",\"@id\":\"https:\\\/\\\/secure.gravatar.com\\\/avatar\\\/d856c2cd901ea97870d1a86865f192c94c84a7d8622d400209d9f1bb0c183242?s=96&d=mm&r=g\",\"url\":\"https:\\\/\\\/secure.gravatar.com\\\/avatar\\\/d856c2cd901ea97870d1a86865f192c94c84a7d8622d400209d9f1bb0c183242?s=96&d=mm&r=g\",\"contentUrl\":\"https:\\\/\\\/secure.gravatar.com\\\/avatar\\\/d856c2cd901ea97870d1a86865f192c94c84a7d8622d400209d9f1bb0c183242?s=96&d=mm&r=g\",\"caption\":\"Douglas Correa - Reporter da Agencia Brasil\"},\"url\":\"https:\\\/\\\/divulguems.com.br\\\/?author=134\"}]}<\/script>\n<!-- \/ Yoast SEO Premium plugin. -->","yoast_head_json":{"title":"Cabral \u00e9 condenado por esquema de regalias durante pris\u00e3o no Rio - Divulgue MS","robots":{"index":"index","follow":"follow","max-snippet":"max-snippet:-1","max-image-preview":"max-image-preview:large","max-video-preview":"max-video-preview:-1"},"canonical":"https:\/\/divulguems.com.br\/?p=23328","og_locale":"pt_BR","og_type":"article","og_title":"Cabral \u00e9 condenado por esquema de regalias durante pris\u00e3o no Rio","og_description":"O ex-governador S\u00e9rgio Cabral foi condenado pela Justi\u00e7a do Rio por improbidade administrativa no esquema de regalias montado durante sua pris\u00e3o na Cadeia P\u00fablica Jos\u00e9 Frederico Marques, em Benfica, e na Penitenci\u00e1ria de Bangu 8, no Complexo de Gericin\u00f3.\u00a0 Cabral esteve preso nas duas unidades do sistema penitenci\u00e1rio entre 2016 e 2018.\u00a0\u00a0 Not\u00edcias relacionadas: Ex-governadores [&hellip;]","og_url":"https:\/\/divulguems.com.br\/?p=23328","og_site_name":"Divulgue MS","article_publisher":"https:\/\/www.facebook.com\/portalinfocobrasil","article_published_time":"2026-09-05T02:54:19+00:00","og_image":[{"url":"https:\/\/cdn.jsdelivr.net\/gh\/sergiosdlima\/assets-ebc@1.0.0\/abr\/assets\/images\/logo-agenciabrasil.svg","type":"","width":"","height":""}],"author":"Douglas Correa - Reporter da Agencia Brasil","twitter_card":"summary_large_image","twitter_misc":{"Escrito por":"Douglas Correa - Reporter da Agencia Brasil","Est. tempo de leitura":"2 minutos"},"schema":{"@context":"https:\/\/schema.org","@graph":[{"@type":"Article","@id":"https:\/\/divulguems.com.br\/?p=23328#article","isPartOf":{"@id":"https:\/\/divulguems.com.br\/?p=23328"},"author":{"name":"Douglas Correa - Reporter da Agencia Brasil","@id":"https:\/\/divulguems.com.br\/#\/schema\/person\/57a8d6c484f4251fce22a206f2c495ed"},"headline":"Cabral \u00e9 condenado por esquema de regalias durante pris\u00e3o no Rio","datePublished":"2026-09-05T02:54:19+00:00","mainEntityOfPage":{"@id":"https:\/\/divulguems.com.br\/?p=23328"},"wordCount":382,"commentCount":0,"publisher":{"@id":"https:\/\/divulguems.com.br\/#organization"},"image":{"@id":"https:\/\/divulguems.com.br\/?p=23328#primaryimage"},"thumbnailUrl":"https:\/\/divulguems.com.br\/wp-content\/uploads\/2026\/09\/23328-cabral-e-condenado-por-esquema-de-regalias-durante-prisao-no-rio.jpg","articleSection":["\u00daltimas Not\u00edcias"],"inLanguage":"pt-BR","potentialAction":[{"@type":"CommentAction","name":"Comment","target":["https:\/\/divulguems.com.br\/?p=23328#respond"]}]},{"@type":"WebPage","@id":"https:\/\/divulguems.com.br\/?p=23328","url":"https:\/\/divulguems.com.br\/?p=23328","name":"Cabral \u00e9 condenado por esquema de regalias durante pris\u00e3o no Rio - Divulgue MS","isPartOf":{"@id":"https:\/\/divulguems.com.br\/#website"},"primaryImageOfPage":{"@id":"https:\/\/divulguems.com.br\/?p=23328#primaryimage"},"image":{"@id":"https:\/\/divulguems.com.br\/?p=23328#primaryimage"},"thumbnailUrl":"https:\/\/divulguems.com.br\/wp-content\/uploads\/2026\/09\/23328-cabral-e-condenado-por-esquema-de-regalias-durante-prisao-no-rio.jpg","datePublished":"2026-09-05T02:54:19+00:00","breadcrumb":{"@id":"https:\/\/divulguems.com.br\/?p=23328#breadcrumb"},"inLanguage":"pt-BR","potentialAction":[{"@type":"ReadAction","target":["https:\/\/divulguems.com.br\/?p=23328"]}]},{"@type":"ImageObject","inLanguage":"pt-BR","@id":"https:\/\/divulguems.com.br\/?p=23328#primaryimage","url":"https:\/\/divulguems.com.br\/wp-content\/uploads\/2026\/09\/23328-cabral-e-condenado-por-esquema-de-regalias-durante-prisao-no-rio.jpg","contentUrl":"https:\/\/divulguems.com.br\/wp-content\/uploads\/2026\/09\/23328-cabral-e-condenado-por-esquema-de-regalias-durante-prisao-no-rio.jpg","width":1600,"height":800,"caption":"Cabral \u00e9 condenado por esquema de regalias durante pris\u00e3o no Rio"},{"@type":"BreadcrumbList","@id":"https:\/\/divulguems.com.br\/?p=23328#breadcrumb","itemListElement":[{"@type":"ListItem","position":1,"name":"In\u00edcio","item":"https:\/\/divulguems.com.br\/"},{"@type":"ListItem","position":2,"name":"Cabral \u00e9 condenado por esquema de regalias durante pris\u00e3o no Rio"}]},{"@type":"WebSite","@id":"https:\/\/divulguems.com.br\/#website","url":"https:\/\/divulguems.com.br\/","name":"Portal Infoco Brasil","description":"L\u00edder de audi\u00eancia.","publisher":{"@id":"https:\/\/divulguems.com.br\/#organization"},"potentialAction":[{"@type":"SearchAction","target":{"@type":"EntryPoint","urlTemplate":"https:\/\/divulguems.com.br\/?s={search_term_string}"},"query-input":{"@type":"PropertyValueSpecification","valueRequired":true,"valueName":"search_term_string"}}],"inLanguage":"pt-BR"},{"@type":"Organization","@id":"https:\/\/divulguems.com.br\/#organization","name":"Portal Infoco Brasil","url":"https:\/\/divulguems.com.br\/","logo":{"@type":"ImageObject","inLanguage":"pt-BR","@id":"https:\/\/divulguems.com.br\/#\/schema\/logo\/image\/","url":"https:\/\/divulguems.com.br\/wp-content\/uploads\/2025\/04\/LOGO-PNG-AZUL.png","contentUrl":"https:\/\/divulguems.com.br\/wp-content\/uploads\/2025\/04\/LOGO-PNG-AZUL.png","width":1166,"height":475,"caption":"Portal Infoco Brasil"},"image":{"@id":"https:\/\/divulguems.com.br\/#\/schema\/logo\/image\/"},"sameAs":["https:\/\/www.facebook.com\/portalinfocobrasil","https:\/\/www.instagram.com\/portalinfocobrasil"]},{"@type":"Person","@id":"https:\/\/divulguems.com.br\/#\/schema\/person\/57a8d6c484f4251fce22a206f2c495ed","name":"Douglas Correa - Reporter da Agencia Brasil","image":{"@type":"ImageObject","inLanguage":"pt-BR","@id":"https:\/\/secure.gravatar.com\/avatar\/d856c2cd901ea97870d1a86865f192c94c84a7d8622d400209d9f1bb0c183242?s=96&d=mm&r=g","url":"https:\/\/secure.gravatar.com\/avatar\/d856c2cd901ea97870d1a86865f192c94c84a7d8622d400209d9f1bb0c183242?s=96&d=mm&r=g","contentUrl":"https:\/\/secure.gravatar.com\/avatar\/d856c2cd901ea97870d1a86865f192c94c84a7d8622d400209d9f1bb0c183242?s=96&d=mm&r=g","caption":"Douglas Correa - Reporter da Agencia Brasil"},"url":"https:\/\/divulguems.com.br\/?author=134"}]}},"_links":{"self":[{"href":"https:\/\/divulguems.com.br\/index.php?rest_route=\/wp\/v2\/posts\/23328","targetHints":{"allow":["GET"]}}],"collection":[{"href":"https:\/\/divulguems.com.br\/index.php?rest_route=\/wp\/v2\/posts"}],"about":[{"href":"https:\/\/divulguems.com.br\/index.php?rest_route=\/wp\/v2\/types\/post"}],"author":[{"embeddable":true,"href":"https:\/\/divulguems.com.br\/index.php?rest_route=\/wp\/v2\/users\/134"}],"replies":[{"embeddable":true,"href":"https:\/\/divulguems.com.br\/index.php?rest_route=%2Fwp%2Fv2%2Fcomments&post=23328"}],"version-history":[{"count":0,"href":"https:\/\/divulguems.com.br\/index.php?rest_route=\/wp\/v2\/posts\/23328\/revisions"}],"wp:featuredmedia":[{"embeddable":true,"href":"https:\/\/divulguems.com.br\/index.php?rest_route=\/wp\/v2\/media\/23329"}],"wp:attachment":[{"href":"https:\/\/divulguems.com.br\/index.php?rest_route=%2Fwp%2Fv2%2Fmedia&parent=23328"}],"wp:term":[{"taxonomy":"category","embeddable":true,"href":"https:\/\/divulguems.com.br\/index.php?rest_route=%2Fwp%2Fv2%2Fcategories&post=23328"},{"taxonomy":"post_tag","embeddable":true,"href":"https:\/\/divulguems.com.br\/index.php?rest_route=%2Fwp%2Fv2%2Ftags&post=23328"}],"curies":[{"name":"wp","href":"https:\/\/api.w.org\/{rel}","templated":true}]}}