{"id":23330,"date":"2026-09-04T22:54:21","date_gmt":"2026-09-05T02:54:21","guid":{"rendered":"https:\/\/divulguems.com.br\/?p=23330"},"modified":"2026-09-04T22:54:21","modified_gmt":"2026-09-05T02:54:21","slug":"casos-confirmados-de-sarampo-chegam-a-28-em-sao-paulo","status":"publish","type":"post","link":"https:\/\/divulguems.com.br\/?p=23330","title":{"rendered":"Casos confirmados de sarampo chegam a 28 em S\u00e3o Paulo"},"content":{"rendered":"<\/p>\n<p><a class=\"\" href=\"https:\/\/agenciabrasil.ebc.com.br\/saude\/noticia\/2026-09\/casos-confirmados-de-sarampo-chegam-28-em-sao-paulo\"><br \/>\n                    <img decoding=\"async\" src=\"https:\/\/cdn.jsdelivr.net\/gh\/sergiosdlima\/assets-ebc@1.0.0\/abr\/assets\/images\/logo-agenciabrasil.svg\" alt=\"Logo Ag\u00eancia Brasil\"><br \/>\n\t\t\t\t<\/a><\/p>\n<p><strong>O estado de S\u00e3o Paulo registrou nesta ter\u00e7a-feira (1) mais dois casos de sarampo, chegando a 28 registrados neste ano. Um beb\u00ea e uma mulher de 40 anos foram infectados pelo v\u00edrus. A informa\u00e7\u00e3o foi confirmada pela Secretaria de Sa\u00fade no \u00faltimo balan\u00e7o epidemiol\u00f3gico.<\/strong><img decoding=\"async\" src=\"https:\/\/agenciabrasil.ebc.com.br\/ebc.png?id=1701346&#038;o=rss\"><img decoding=\"async\" src=\"https:\/\/agenciabrasil.ebc.com.br\/ebc.gif?id=1701346&#038;o=rss\"><\/p>\n<p>Segundo dados do governo do estado, 25 infec\u00e7\u00f5es ocorreram\u00a0na capital paulista, duas em S\u00e3o Bernardo do Campo e uma em Guarulhos, cidades da regi\u00e3o metropolitana da capital paulista.<\/p>\n<h2>Vacina\u00e7\u00e3o<\/h2>\n<\/p>\n<h3>Not\u00edcias relacionadas:<\/h3>\n<ul>\n<li><a href=\"https:\/\/agenciabrasil.ebc.com.br\/saude\/noticia\/2026-08\/ministerio-da-saude-reforca-chamamento-para-vacina-contra-o-sarampo\">Minist\u00e9rio da Sa\u00fade refor\u00e7a chamamento para vacina contra o sarampo.<\/a><\/li>\n<li><a href=\"https:\/\/agenciabrasil.ebc.com.br\/saude\/noticia\/2026-08\/capital-paulista-vacinou-1-milhao-de-pessoas-contra-o-sarampo\">Capital paulista vacinou 1 milh\u00e3o de pessoas contra o sarampo.<\/a><\/li>\n<\/ul>\n<p><strong>Durante o m\u00eas de agosto, o estado aplicou mais de 2,5 milh\u00f5es de doses da vacina contra o sarampo. Do total, 2,4 milh\u00f5es de aplica\u00e7\u00f5es se concentraram em tr\u00eas munic\u00edpios: capital (2 milh\u00f5es), Guarulhos (230,1 mil) e S\u00e3o Bernardo do Campo (169,5 mil).<\/strong><\/p>\n<p>A vacina\u00e7\u00e3o em massa \u00e9 resultado da Campanha de Multivacina\u00e7\u00e3o que chegou ao fim na ter\u00e7a-feira, dia 1\u00ba de setembro. Tamb\u00e9m terminaram as a\u00e7\u00f5es de\u00a0estrat\u00e9gia ampliada de imuniza\u00e7\u00e3o contra o sarampo nos tr\u00eas munic\u00edpios.<\/p>\n<p>A campanha, que teve in\u00edcio no dia 3 de agosto, buscou refor\u00e7ar a vacina\u00e7\u00e3o ap\u00f3s o s\u00fabito aumento de casos de sarampo na regi\u00e3o metropolitana de S\u00e3o Paulo.\u00a0A cidade concentra 90% dos casos de sarampo. Al\u00e9m disso, a secretaria de sa\u00fade informa que 20 dos pacientes confirmados n\u00e3o tinham registro de vacina\u00e7\u00e3o contra a doen\u00e7a.<\/p>\n<h2>Vacina\u00e7\u00e3o\u00a0<\/h2>\n<p><strong>Mesmo com o fim da campanha, os imunizantes continuam \u00e0 disposi\u00e7\u00e3o da popula\u00e7\u00e3o nas unidades b\u00e1sicas de sa\u00fade (UBSs), de acordo com o calend\u00e1rio vacinal de cada faixa et\u00e1ria. <\/strong>Por conta da situa\u00e7\u00e3o epidemiol\u00f3gica local, a imuniza\u00e7\u00e3o sem restri\u00e7\u00f5es para quem tem entre 6 meses e 59 anos segue mantida nos distritos de Vila Medeiros, Vila Guilherme e Vila Maria, na zona norte de S\u00e3o Paulo.<\/p>\n<p>Al\u00e9m disso, a chamada &#8220;dose zero&#8221; contra o sarampo permanece dispon\u00edvel em todas as UBSs para beb\u00eas de 6 a 11 meses. A primeira dose n\u00e3o dispensa as doses regulares do Calend\u00e1rio Nacional de Vacina\u00e7\u00e3o,\u00a0aplicadas aos 12 e 15 meses de idade. <strong>\u00c9 preciso guardar um intervalo m\u00ednimo de 30 dias entre a &#8220;dose zero&#8221; e a vacina tr\u00edplice viral ou qualquer outro imunizante de v\u00edrus vivo atenuado.<\/strong><\/p>\n<p>O atendimento nas UBSs ocorre de segunda a sexta-feira, das 7h \u00e0s 19h. Nas assist\u00eancias m\u00e9dicas ambulatoriais (AMAs)\/UBSs Integradas, a vacina\u00e7\u00e3o tamb\u00e9m \u00e9 feita aos s\u00e1bados e feriados, no mesmo hor\u00e1rio. Para checar o estoque de vacinas em tempo real, pacientes podem acessar a <a href=\"https:\/\/deolhonafila.prefeitura.sp.gov.br\/\" target=\"_blank\">plataforma De Olho na Fila<\/a>.\u00a0<\/p>\n<p><em>*Estagi\u00e1rio da Ag\u00eancia Brasil sob supervis\u00e3o de Odair Braz Junior<\/em><\/p>\n","protected":false},"excerpt":{"rendered":"<p>O estado de S\u00e3o Paulo registrou nesta ter\u00e7a-feira (1) mais dois casos de sarampo, chegando a 28 registrados neste ano. Um beb\u00ea e uma mulher de 40 anos foram infectados pelo v\u00edrus. A informa\u00e7\u00e3o foi confirmada pela Secretaria de Sa\u00fade no \u00faltimo balan\u00e7o epidemiol\u00f3gico. Segundo dados do governo do estado, 25 infec\u00e7\u00f5es ocorreram\u00a0na capital paulista, [&hellip;]<\/p>\n","protected":false},"author":1,"featured_media":23331,"comment_status":"open","ping_status":"open","sticky":false,"template":"","format":"standard","meta":{"site-sidebar-layout":"default","site-content-layout":"","ast-site-content-layout":"default","site-content-style":"default","site-sidebar-style":"default","ast-global-header-display":"","ast-banner-title-visibility":"","ast-main-header-display":"","ast-hfb-above-header-display":"","ast-hfb-below-header-display":"","ast-hfb-mobile-header-display":"","site-post-title":"","ast-breadcrumbs-content":"","ast-featured-img":"","footer-sml-layout":"","ast-disable-related-posts":"","theme-transparent-header-meta":"","adv-header-id-meta":"","stick-header-meta":"","header-above-stick-meta":"","header-main-stick-meta":"","header-below-stick-meta":"","astra-migrate-meta-layouts":"default","ast-page-background-enabled":"default","ast-page-background-meta":{"desktop":{"background-color":"var(--ast-global-color-4)","background-image":"","background-repeat":"repeat","background-position":"center center","background-size":"auto","background-attachment":"scroll","background-type":"","background-media":"","overlay-type":"","overlay-color":"","overlay-opacity":"","overlay-gradient":""},"tablet":{"background-color":"","background-image":"","background-repeat":"repeat","background-position":"center center","background-size":"auto","background-attachment":"scroll","background-type":"","background-media":"","overlay-type":"","overlay-color":"","overlay-opacity":"","overlay-gradient":""},"mobile":{"background-color":"","background-image":"","background-repeat":"repeat","background-position":"center center","background-size":"auto","background-attachment":"scroll","background-type":"","background-media":"","overlay-type":"","overlay-color":"","overlay-opacity":"","overlay-gradient":""}},"ast-content-background-meta":{"desktop":{"background-color":"var(--ast-global-color-5)","background-image":"","background-repeat":"repeat","background-position":"center center","background-size":"auto","background-attachment":"scroll","background-type":"","background-media":"","overlay-type":"","overlay-color":"","overlay-opacity":"","overlay-gradient":""},"tablet":{"background-color":"var(--ast-global-color-5)","background-image":"","background-repeat":"repeat","background-position":"center center","background-size":"auto","background-attachment":"scroll","background-type":"","background-media":"","overlay-type":"","overlay-color":"","overlay-opacity":"","overlay-gradient":""},"mobile":{"background-color":"var(--ast-global-color-5)","background-image":"","background-repeat":"repeat","background-position":"center center","background-size":"auto","background-attachment":"scroll","background-type":"","background-media":"","overlay-type":"","overlay-color":"","overlay-opacity":"","overlay-gradient":""}},"footnotes":""},"categories":[11],"tags":[],"class_list":["post-23330","post","type-post","status-publish","format-standard","has-post-thumbnail","hentry","category-saude-e-bem-estar"],"yoast_head":"<!-- This site is optimized with the Yoast SEO Premium plugin v23.6 (Yoast SEO v28.1) - https:\/\/yoast.com\/product\/yoast-seo-premium-wordpress\/ -->\n<title>Casos confirmados de sarampo chegam a 28 em S\u00e3o Paulo - Divulgue MS<\/title>\n<meta name=\"robots\" content=\"index, follow, max-snippet:-1, max-image-preview:large, max-video-preview:-1\" \/>\n<link rel=\"canonical\" href=\"https:\/\/divulguems.com.br\/?p=23330\" \/>\n<meta property=\"og:locale\" content=\"pt_BR\" \/>\n<meta property=\"og:type\" content=\"article\" \/>\n<meta property=\"og:title\" content=\"Casos confirmados de sarampo chegam a 28 em S\u00e3o Paulo\" \/>\n<meta property=\"og:description\" content=\"O estado de S\u00e3o Paulo registrou nesta ter\u00e7a-feira (1) mais dois casos de sarampo, chegando a 28 registrados neste ano. Um beb\u00ea e uma mulher de 40 anos foram infectados pelo v\u00edrus. A informa\u00e7\u00e3o foi confirmada pela Secretaria de Sa\u00fade no \u00faltimo balan\u00e7o epidemiol\u00f3gico. Segundo dados do governo do estado, 25 infec\u00e7\u00f5es ocorreram\u00a0na capital paulista, [&hellip;]\" \/>\n<meta property=\"og:url\" content=\"https:\/\/divulguems.com.br\/?p=23330\" \/>\n<meta property=\"og:site_name\" content=\"Divulgue MS\" \/>\n<meta property=\"article:publisher\" content=\"https:\/\/www.facebook.com\/portalinfocobrasil\" \/>\n<meta property=\"article:published_time\" content=\"2026-09-05T02:54:21+00:00\" \/>\n<meta property=\"og:image\" content=\"https:\/\/cdn.jsdelivr.net\/gh\/sergiosdlima\/assets-ebc@1.0.0\/abr\/assets\/images\/logo-agenciabrasil.svg\" \/>\n<meta name=\"author\" content=\"gestormovie\" \/>\n<meta name=\"twitter:card\" content=\"summary_large_image\" \/>\n<meta name=\"twitter:label1\" content=\"Escrito por\" \/>\n\t<meta name=\"twitter:data1\" content=\"gestormovie\" \/>\n\t<meta name=\"twitter:label2\" content=\"Est. tempo de leitura\" \/>\n\t<meta name=\"twitter:data2\" content=\"2 minutos\" \/>\n<script type=\"application\/ld+json\" class=\"yoast-schema-graph\">{\"@context\":\"https:\\\/\\\/schema.org\",\"@graph\":[{\"@type\":\"Article\",\"@id\":\"https:\\\/\\\/divulguems.com.br\\\/?p=23330#article\",\"isPartOf\":{\"@id\":\"https:\\\/\\\/divulguems.com.br\\\/?p=23330\"},\"author\":{\"name\":\"gestormovie\",\"@id\":\"https:\\\/\\\/divulguems.com.br\\\/#\\\/schema\\\/person\\\/85cb29f0608083b8ae66501ac547eec3\"},\"headline\":\"Casos confirmados de sarampo chegam a 28 em S\u00e3o Paulo\",\"datePublished\":\"2026-09-05T02:54:21+00:00\",\"mainEntityOfPage\":{\"@id\":\"https:\\\/\\\/divulguems.com.br\\\/?p=23330\"},\"wordCount\":486,\"commentCount\":0,\"publisher\":{\"@id\":\"https:\\\/\\\/divulguems.com.br\\\/#organization\"},\"image\":{\"@id\":\"https:\\\/\\\/divulguems.com.br\\\/?p=23330#primaryimage\"},\"thumbnailUrl\":\"https:\\\/\\\/divulguems.com.br\\\/wp-content\\\/uploads\\\/2026\\\/09\\\/23330-casos-confirmados-de-sarampo-chegam-a-28-em-sao-paulo.jpg\",\"articleSection\":[\"Sa\u00fade e Bem-Estar\"],\"inLanguage\":\"pt-BR\",\"potentialAction\":[{\"@type\":\"CommentAction\",\"name\":\"Comment\",\"target\":[\"https:\\\/\\\/divulguems.com.br\\\/?p=23330#respond\"]}]},{\"@type\":\"WebPage\",\"@id\":\"https:\\\/\\\/divulguems.com.br\\\/?p=23330\",\"url\":\"https:\\\/\\\/divulguems.com.br\\\/?p=23330\",\"name\":\"Casos confirmados de sarampo chegam a 28 em S\u00e3o Paulo - Divulgue MS\",\"isPartOf\":{\"@id\":\"https:\\\/\\\/divulguems.com.br\\\/#website\"},\"primaryImageOfPage\":{\"@id\":\"https:\\\/\\\/divulguems.com.br\\\/?p=23330#primaryimage\"},\"image\":{\"@id\":\"https:\\\/\\\/divulguems.com.br\\\/?p=23330#primaryimage\"},\"thumbnailUrl\":\"https:\\\/\\\/divulguems.com.br\\\/wp-content\\\/uploads\\\/2026\\\/09\\\/23330-casos-confirmados-de-sarampo-chegam-a-28-em-sao-paulo.jpg\",\"datePublished\":\"2026-09-05T02:54:21+00:00\",\"breadcrumb\":{\"@id\":\"https:\\\/\\\/divulguems.com.br\\\/?p=23330#breadcrumb\"},\"inLanguage\":\"pt-BR\",\"potentialAction\":[{\"@type\":\"ReadAction\",\"target\":[\"https:\\\/\\\/divulguems.com.br\\\/?p=23330\"]}]},{\"@type\":\"ImageObject\",\"inLanguage\":\"pt-BR\",\"@id\":\"https:\\\/\\\/divulguems.com.br\\\/?p=23330#primaryimage\",\"url\":\"https:\\\/\\\/divulguems.com.br\\\/wp-content\\\/uploads\\\/2026\\\/09\\\/23330-casos-confirmados-de-sarampo-chegam-a-28-em-sao-paulo.jpg\",\"contentUrl\":\"https:\\\/\\\/divulguems.com.br\\\/wp-content\\\/uploads\\\/2026\\\/09\\\/23330-casos-confirmados-de-sarampo-chegam-a-28-em-sao-paulo.jpg\",\"width\":1600,\"height\":800,\"caption\":\"Casos confirmados de sarampo chegam a 28 em S\u00e3o Paulo\"},{\"@type\":\"BreadcrumbList\",\"@id\":\"https:\\\/\\\/divulguems.com.br\\\/?p=23330#breadcrumb\",\"itemListElement\":[{\"@type\":\"ListItem\",\"position\":1,\"name\":\"In\u00edcio\",\"item\":\"https:\\\/\\\/divulguems.com.br\\\/\"},{\"@type\":\"ListItem\",\"position\":2,\"name\":\"Casos confirmados de sarampo chegam a 28 em S\u00e3o Paulo\"}]},{\"@type\":\"WebSite\",\"@id\":\"https:\\\/\\\/divulguems.com.br\\\/#website\",\"url\":\"https:\\\/\\\/divulguems.com.br\\\/\",\"name\":\"Portal Infoco Brasil\",\"description\":\"L\u00edder de audi\u00eancia.\",\"publisher\":{\"@id\":\"https:\\\/\\\/divulguems.com.br\\\/#organization\"},\"potentialAction\":[{\"@type\":\"SearchAction\",\"target\":{\"@type\":\"EntryPoint\",\"urlTemplate\":\"https:\\\/\\\/divulguems.com.br\\\/?s={search_term_string}\"},\"query-input\":{\"@type\":\"PropertyValueSpecification\",\"valueRequired\":true,\"valueName\":\"search_term_string\"}}],\"inLanguage\":\"pt-BR\"},{\"@type\":\"Organization\",\"@id\":\"https:\\\/\\\/divulguems.com.br\\\/#organization\",\"name\":\"Portal Infoco Brasil\",\"url\":\"https:\\\/\\\/divulguems.com.br\\\/\",\"logo\":{\"@type\":\"ImageObject\",\"inLanguage\":\"pt-BR\",\"@id\":\"https:\\\/\\\/divulguems.com.br\\\/#\\\/schema\\\/logo\\\/image\\\/\",\"url\":\"https:\\\/\\\/divulguems.com.br\\\/wp-content\\\/uploads\\\/2025\\\/04\\\/LOGO-PNG-AZUL.png\",\"contentUrl\":\"https:\\\/\\\/divulguems.com.br\\\/wp-content\\\/uploads\\\/2025\\\/04\\\/LOGO-PNG-AZUL.png\",\"width\":1166,\"height\":475,\"caption\":\"Portal Infoco Brasil\"},\"image\":{\"@id\":\"https:\\\/\\\/divulguems.com.br\\\/#\\\/schema\\\/logo\\\/image\\\/\"},\"sameAs\":[\"https:\\\/\\\/www.facebook.com\\\/portalinfocobrasil\",\"https:\\\/\\\/www.instagram.com\\\/portalinfocobrasil\"]},{\"@type\":\"Person\",\"@id\":\"https:\\\/\\\/divulguems.com.br\\\/#\\\/schema\\\/person\\\/85cb29f0608083b8ae66501ac547eec3\",\"name\":\"gestormovie\",\"image\":{\"@type\":\"ImageObject\",\"inLanguage\":\"pt-BR\",\"@id\":\"https:\\\/\\\/secure.gravatar.com\\\/avatar\\\/1a363cacdce58d5745359cac63cadf7cee0b34c09ab5adc6e07dafbc1ad3ceef?s=96&d=mm&r=g\",\"url\":\"https:\\\/\\\/secure.gravatar.com\\\/avatar\\\/1a363cacdce58d5745359cac63cadf7cee0b34c09ab5adc6e07dafbc1ad3ceef?s=96&d=mm&r=g\",\"contentUrl\":\"https:\\\/\\\/secure.gravatar.com\\\/avatar\\\/1a363cacdce58d5745359cac63cadf7cee0b34c09ab5adc6e07dafbc1ad3ceef?s=96&d=mm&r=g\",\"caption\":\"gestormovie\"},\"sameAs\":[\"https:\\\/\\\/divulguems.com.br\"],\"url\":\"https:\\\/\\\/divulguems.com.br\\\/?author=1\"}]}<\/script>\n<!-- \/ Yoast SEO Premium plugin. -->","yoast_head_json":{"title":"Casos confirmados de sarampo chegam a 28 em S\u00e3o Paulo - Divulgue MS","robots":{"index":"index","follow":"follow","max-snippet":"max-snippet:-1","max-image-preview":"max-image-preview:large","max-video-preview":"max-video-preview:-1"},"canonical":"https:\/\/divulguems.com.br\/?p=23330","og_locale":"pt_BR","og_type":"article","og_title":"Casos confirmados de sarampo chegam a 28 em S\u00e3o Paulo","og_description":"O estado de S\u00e3o Paulo registrou nesta ter\u00e7a-feira (1) mais dois casos de sarampo, chegando a 28 registrados neste ano. Um beb\u00ea e uma mulher de 40 anos foram infectados pelo v\u00edrus. A informa\u00e7\u00e3o foi confirmada pela Secretaria de Sa\u00fade no \u00faltimo balan\u00e7o epidemiol\u00f3gico. Segundo dados do governo do estado, 25 infec\u00e7\u00f5es ocorreram\u00a0na capital paulista, [&hellip;]","og_url":"https:\/\/divulguems.com.br\/?p=23330","og_site_name":"Divulgue MS","article_publisher":"https:\/\/www.facebook.com\/portalinfocobrasil","article_published_time":"2026-09-05T02:54:21+00:00","og_image":[{"url":"https:\/\/cdn.jsdelivr.net\/gh\/sergiosdlima\/assets-ebc@1.0.0\/abr\/assets\/images\/logo-agenciabrasil.svg","type":"","width":"","height":""}],"author":"gestormovie","twitter_card":"summary_large_image","twitter_misc":{"Escrito por":"gestormovie","Est. tempo de leitura":"2 minutos"},"schema":{"@context":"https:\/\/schema.org","@graph":[{"@type":"Article","@id":"https:\/\/divulguems.com.br\/?p=23330#article","isPartOf":{"@id":"https:\/\/divulguems.com.br\/?p=23330"},"author":{"name":"gestormovie","@id":"https:\/\/divulguems.com.br\/#\/schema\/person\/85cb29f0608083b8ae66501ac547eec3"},"headline":"Casos confirmados de sarampo chegam a 28 em S\u00e3o Paulo","datePublished":"2026-09-05T02:54:21+00:00","mainEntityOfPage":{"@id":"https:\/\/divulguems.com.br\/?p=23330"},"wordCount":486,"commentCount":0,"publisher":{"@id":"https:\/\/divulguems.com.br\/#organization"},"image":{"@id":"https:\/\/divulguems.com.br\/?p=23330#primaryimage"},"thumbnailUrl":"https:\/\/divulguems.com.br\/wp-content\/uploads\/2026\/09\/23330-casos-confirmados-de-sarampo-chegam-a-28-em-sao-paulo.jpg","articleSection":["Sa\u00fade e Bem-Estar"],"inLanguage":"pt-BR","potentialAction":[{"@type":"CommentAction","name":"Comment","target":["https:\/\/divulguems.com.br\/?p=23330#respond"]}]},{"@type":"WebPage","@id":"https:\/\/divulguems.com.br\/?p=23330","url":"https:\/\/divulguems.com.br\/?p=23330","name":"Casos confirmados de sarampo chegam a 28 em S\u00e3o Paulo - Divulgue MS","isPartOf":{"@id":"https:\/\/divulguems.com.br\/#website"},"primaryImageOfPage":{"@id":"https:\/\/divulguems.com.br\/?p=23330#primaryimage"},"image":{"@id":"https:\/\/divulguems.com.br\/?p=23330#primaryimage"},"thumbnailUrl":"https:\/\/divulguems.com.br\/wp-content\/uploads\/2026\/09\/23330-casos-confirmados-de-sarampo-chegam-a-28-em-sao-paulo.jpg","datePublished":"2026-09-05T02:54:21+00:00","breadcrumb":{"@id":"https:\/\/divulguems.com.br\/?p=23330#breadcrumb"},"inLanguage":"pt-BR","potentialAction":[{"@type":"ReadAction","target":["https:\/\/divulguems.com.br\/?p=23330"]}]},{"@type":"ImageObject","inLanguage":"pt-BR","@id":"https:\/\/divulguems.com.br\/?p=23330#primaryimage","url":"https:\/\/divulguems.com.br\/wp-content\/uploads\/2026\/09\/23330-casos-confirmados-de-sarampo-chegam-a-28-em-sao-paulo.jpg","contentUrl":"https:\/\/divulguems.com.br\/wp-content\/uploads\/2026\/09\/23330-casos-confirmados-de-sarampo-chegam-a-28-em-sao-paulo.jpg","width":1600,"height":800,"caption":"Casos confirmados de sarampo chegam a 28 em S\u00e3o Paulo"},{"@type":"BreadcrumbList","@id":"https:\/\/divulguems.com.br\/?p=23330#breadcrumb","itemListElement":[{"@type":"ListItem","position":1,"name":"In\u00edcio","item":"https:\/\/divulguems.com.br\/"},{"@type":"ListItem","position":2,"name":"Casos confirmados de sarampo chegam a 28 em S\u00e3o Paulo"}]},{"@type":"WebSite","@id":"https:\/\/divulguems.com.br\/#website","url":"https:\/\/divulguems.com.br\/","name":"Portal Infoco Brasil","description":"L\u00edder de audi\u00eancia.","publisher":{"@id":"https:\/\/divulguems.com.br\/#organization"},"potentialAction":[{"@type":"SearchAction","target":{"@type":"EntryPoint","urlTemplate":"https:\/\/divulguems.com.br\/?s={search_term_string}"},"query-input":{"@type":"PropertyValueSpecification","valueRequired":true,"valueName":"search_term_string"}}],"inLanguage":"pt-BR"},{"@type":"Organization","@id":"https:\/\/divulguems.com.br\/#organization","name":"Portal Infoco Brasil","url":"https:\/\/divulguems.com.br\/","logo":{"@type":"ImageObject","inLanguage":"pt-BR","@id":"https:\/\/divulguems.com.br\/#\/schema\/logo\/image\/","url":"https:\/\/divulguems.com.br\/wp-content\/uploads\/2025\/04\/LOGO-PNG-AZUL.png","contentUrl":"https:\/\/divulguems.com.br\/wp-content\/uploads\/2025\/04\/LOGO-PNG-AZUL.png","width":1166,"height":475,"caption":"Portal Infoco Brasil"},"image":{"@id":"https:\/\/divulguems.com.br\/#\/schema\/logo\/image\/"},"sameAs":["https:\/\/www.facebook.com\/portalinfocobrasil","https:\/\/www.instagram.com\/portalinfocobrasil"]},{"@type":"Person","@id":"https:\/\/divulguems.com.br\/#\/schema\/person\/85cb29f0608083b8ae66501ac547eec3","name":"gestormovie","image":{"@type":"ImageObject","inLanguage":"pt-BR","@id":"https:\/\/secure.gravatar.com\/avatar\/1a363cacdce58d5745359cac63cadf7cee0b34c09ab5adc6e07dafbc1ad3ceef?s=96&d=mm&r=g","url":"https:\/\/secure.gravatar.com\/avatar\/1a363cacdce58d5745359cac63cadf7cee0b34c09ab5adc6e07dafbc1ad3ceef?s=96&d=mm&r=g","contentUrl":"https:\/\/secure.gravatar.com\/avatar\/1a363cacdce58d5745359cac63cadf7cee0b34c09ab5adc6e07dafbc1ad3ceef?s=96&d=mm&r=g","caption":"gestormovie"},"sameAs":["https:\/\/divulguems.com.br"],"url":"https:\/\/divulguems.com.br\/?author=1"}]}},"_links":{"self":[{"href":"https:\/\/divulguems.com.br\/index.php?rest_route=\/wp\/v2\/posts\/23330","targetHints":{"allow":["GET"]}}],"collection":[{"href":"https:\/\/divulguems.com.br\/index.php?rest_route=\/wp\/v2\/posts"}],"about":[{"href":"https:\/\/divulguems.com.br\/index.php?rest_route=\/wp\/v2\/types\/post"}],"author":[{"embeddable":true,"href":"https:\/\/divulguems.com.br\/index.php?rest_route=\/wp\/v2\/users\/1"}],"replies":[{"embeddable":true,"href":"https:\/\/divulguems.com.br\/index.php?rest_route=%2Fwp%2Fv2%2Fcomments&post=23330"}],"version-history":[{"count":0,"href":"https:\/\/divulguems.com.br\/index.php?rest_route=\/wp\/v2\/posts\/23330\/revisions"}],"wp:featuredmedia":[{"embeddable":true,"href":"https:\/\/divulguems.com.br\/index.php?rest_route=\/wp\/v2\/media\/23331"}],"wp:attachment":[{"href":"https:\/\/divulguems.com.br\/index.php?rest_route=%2Fwp%2Fv2%2Fmedia&parent=23330"}],"wp:term":[{"taxonomy":"category","embeddable":true,"href":"https:\/\/divulguems.com.br\/index.php?rest_route=%2Fwp%2Fv2%2Fcategories&post=23330"},{"taxonomy":"post_tag","embeddable":true,"href":"https:\/\/divulguems.com.br\/index.php?rest_route=%2Fwp%2Fv2%2Ftags&post=23330"}],"curies":[{"name":"wp","href":"https:\/\/api.w.org\/{rel}","templated":true}]}}