{"id":23344,"date":"2026-09-05T19:57:41","date_gmt":"2026-09-05T23:57:41","guid":{"rendered":"https:\/\/divulguems.com.br\/?p=23344"},"modified":"2026-09-05T19:57:41","modified_gmt":"2026-09-05T23:57:41","slug":"novo-campus-da-ufscar-tera-bacharelados-interdisciplinares","status":"publish","type":"post","link":"https:\/\/divulguems.com.br\/?p=23344","title":{"rendered":"Novo campus da UFSCar ter\u00e1 bacharelados interdisciplinares"},"content":{"rendered":"<p><strong>A Universidade Federal de S\u00e3o Carlos (UFSCar), no munic\u00edpio de S\u00e3o Jos\u00e9 do Rio Preto (SP), ter\u00e1 uma nova sede. <\/strong>O edif\u00edcio, antes uma f\u00e1brica, tem 11 mil metros quadrados de \u00e1rea constru\u00edda, estruturada em dois pavimentos, e dever\u00e1 passar por reformas para acomodar adequadamente a comunidade acad\u00eamica.<img decoding=\"async\" src=\"https:\/\/agenciabrasil.ebc.com.br\/ebc.png?id=1701659&#038;o=rss\"><img decoding=\"async\" src=\"https:\/\/agenciabrasil.ebc.com.br\/ebc.gif?id=1701659&#038;o=rss\"><\/p>\n<p>Os 90 estudantes est\u00e3o acompanhando as aulas em um\u00a0espa\u00e7o provis\u00f3rio, cedido pelo Instituto Federal de S\u00e3o Paulo (IFSP). \u00a0<\/p>\n<p>Ao todo, <strong>32 professores j\u00e1 foram contratados para lecionar\u00a0no local e 18 vagas est\u00e3o abertas para concurso p\u00fablico, com nomea\u00e7\u00e3o prevista para janeiro de 2027<\/strong>. O Minist\u00e9rio da Educa\u00e7\u00e3o tamb\u00e9m alocou 50 cargos de docente, de dire\u00e7\u00e3o e fun\u00e7\u00f5es gratificadas.<\/p>\n<p>O presidente Luiz In\u00e1cio Lula da Silva\u00a0e o ministro da Educa\u00e7\u00e3o, Leonardo Barchini, visitaram a futura sede\u00a0neste s\u00e1bado (5).<\/p>\n<h2>Bacharelados interdisciplinares<\/h2>\n<p><strong>Ao entrarem na institui\u00e7\u00e3o, os alunos poder\u00e3o cursar bacharelados interdisciplinares, para, somente no segundo ciclo, optarem por habilita\u00e7\u00f5es espec\u00edficas.<\/strong><\/p>\n<p>Para o primeiro ciclo, foi autorizado o funcionamento dos tr\u00eas primeiros cursos de gradua\u00e7\u00e3o:\u00a0<\/p>\n<ul>\n<li>Bacharelado Interdisciplinar em Ci\u00eancia, Tecnologia e Inova\u00e7\u00e3o \u2013 260 vagas anuais;\u00a0<\/li>\n<li>Bacharelado Interdisciplinar em Ci\u00eancias e Humanidades \u2013 150 vagas anuais;\u00a0<\/li>\n<li>Bacharelado Interdisciplinar em Artes \u2013 150 vagas anuais.<\/li>\n<\/ul>\n<p>Est\u00e3o previstas as \u00e1reas de Artes C\u00eanicas, Produ\u00e7\u00e3o Cultural, Arquitetura e Urbanismo (com \u00eanfase em habita\u00e7\u00e3o social), Servi\u00e7o Social, Intelig\u00eancia Artificial e Ci\u00eancia de Dados, e Engenharia de Manufatura e Design.<\/p>\n<p>Criada em 1968 e com atividades iniciadas em 13 de mar\u00e7o de 1970, a UFSCar\u00a0\u00e9 a primeira institui\u00e7\u00e3o federal de ensino superior instalada no interior do estado de S\u00e3o Paulo. Com campi situados em S\u00e3o Carlos (sede), Araras, Sorocaba, Lagoa do Sino e S\u00e3o Jos\u00e9 do Rio Preto.<\/p>\n<p>S\u00e3o Jos\u00e9 do Rio Preto \u00e9 polo de uma regi\u00e3o metropolitana que abrange 96 munic\u00edpios e cerca de 1,6 milh\u00e3o de habitantes, sendo 480 mil habitantes no pr\u00f3prio munic\u00edpio.<\/p>\n","protected":false},"excerpt":{"rendered":"<p>A Universidade Federal de S\u00e3o Carlos (UFSCar), no munic\u00edpio de S\u00e3o Jos\u00e9 do Rio Preto (SP), ter\u00e1 uma nova sede. O edif\u00edcio, antes uma f\u00e1brica, tem 11 mil metros quadrados de \u00e1rea constru\u00edda, estruturada em dois pavimentos, e dever\u00e1 passar por reformas para acomodar adequadamente a comunidade acad\u00eamica. Os 90 estudantes est\u00e3o acompanhando as aulas [&hellip;]<\/p>\n","protected":false},"author":639,"featured_media":23345,"comment_status":"open","ping_status":"open","sticky":false,"template":"","format":"standard","meta":{"site-sidebar-layout":"default","site-content-layout":"","ast-site-content-layout":"default","site-content-style":"default","site-sidebar-style":"default","ast-global-header-display":"","ast-banner-title-visibility":"","ast-main-header-display":"","ast-hfb-above-header-display":"","ast-hfb-below-header-display":"","ast-hfb-mobile-header-display":"","site-post-title":"","ast-breadcrumbs-content":"","ast-featured-img":"","footer-sml-layout":"","ast-disable-related-posts":"","theme-transparent-header-meta":"","adv-header-id-meta":"","stick-header-meta":"","header-above-stick-meta":"","header-main-stick-meta":"","header-below-stick-meta":"","astra-migrate-meta-layouts":"default","ast-page-background-enabled":"default","ast-page-background-meta":{"desktop":{"background-color":"var(--ast-global-color-4)","background-image":"","background-repeat":"repeat","background-position":"center center","background-size":"auto","background-attachment":"scroll","background-type":"","background-media":"","overlay-type":"","overlay-color":"","overlay-opacity":"","overlay-gradient":""},"tablet":{"background-color":"","background-image":"","background-repeat":"repeat","background-position":"center center","background-size":"auto","background-attachment":"scroll","background-type":"","background-media":"","overlay-type":"","overlay-color":"","overlay-opacity":"","overlay-gradient":""},"mobile":{"background-color":"","background-image":"","background-repeat":"repeat","background-position":"center center","background-size":"auto","background-attachment":"scroll","background-type":"","background-media":"","overlay-type":"","overlay-color":"","overlay-opacity":"","overlay-gradient":""}},"ast-content-background-meta":{"desktop":{"background-color":"var(--ast-global-color-5)","background-image":"","background-repeat":"repeat","background-position":"center center","background-size":"auto","background-attachment":"scroll","background-type":"","background-media":"","overlay-type":"","overlay-color":"","overlay-opacity":"","overlay-gradient":""},"tablet":{"background-color":"var(--ast-global-color-5)","background-image":"","background-repeat":"repeat","background-position":"center center","background-size":"auto","background-attachment":"scroll","background-type":"","background-media":"","overlay-type":"","overlay-color":"","overlay-opacity":"","overlay-gradient":""},"mobile":{"background-color":"var(--ast-global-color-5)","background-image":"","background-repeat":"repeat","background-position":"center center","background-size":"auto","background-attachment":"scroll","background-type":"","background-media":"","overlay-type":"","overlay-color":"","overlay-opacity":"","overlay-gradient":""}},"footnotes":""},"categories":[3],"tags":[],"class_list":["post-23344","post","type-post","status-publish","format-standard","has-post-thumbnail","hentry","category-seguranca-e-justica"],"yoast_head":"<!-- This site is optimized with the Yoast SEO Premium plugin v23.6 (Yoast SEO v28.1) - https:\/\/yoast.com\/product\/yoast-seo-premium-wordpress\/ -->\n<title>Novo campus da UFSCar ter\u00e1 bacharelados interdisciplinares - Divulgue MS<\/title>\n<meta name=\"robots\" content=\"index, follow, max-snippet:-1, max-image-preview:large, max-video-preview:-1\" \/>\n<link rel=\"canonical\" href=\"https:\/\/divulguems.com.br\/?p=23344\" \/>\n<meta property=\"og:locale\" content=\"pt_BR\" \/>\n<meta property=\"og:type\" content=\"article\" \/>\n<meta property=\"og:title\" content=\"Novo campus da UFSCar ter\u00e1 bacharelados interdisciplinares\" \/>\n<meta property=\"og:description\" content=\"A Universidade Federal de S\u00e3o Carlos (UFSCar), no munic\u00edpio de S\u00e3o Jos\u00e9 do Rio Preto (SP), ter\u00e1 uma nova sede. O edif\u00edcio, antes uma f\u00e1brica, tem 11 mil metros quadrados de \u00e1rea constru\u00edda, estruturada em dois pavimentos, e dever\u00e1 passar por reformas para acomodar adequadamente a comunidade acad\u00eamica. Os 90 estudantes est\u00e3o acompanhando as aulas [&hellip;]\" \/>\n<meta property=\"og:url\" content=\"https:\/\/divulguems.com.br\/?p=23344\" \/>\n<meta property=\"og:site_name\" content=\"Divulgue MS\" \/>\n<meta property=\"article:publisher\" content=\"https:\/\/www.facebook.com\/portalinfocobrasil\" \/>\n<meta property=\"article:published_time\" content=\"2026-09-05T23:57:41+00:00\" \/>\n<meta property=\"og:image\" content=\"https:\/\/agenciabrasil.ebc.com.br\/ebc.png?id=1701659&o=rss\" \/>\n<meta name=\"author\" content=\"Letycia Treitero Kawada - Reporter da Agencia Brasil\" \/>\n<meta name=\"twitter:card\" content=\"summary_large_image\" \/>\n<meta name=\"twitter:label1\" content=\"Escrito por\" \/>\n\t<meta name=\"twitter:data1\" content=\"Letycia Treitero Kawada - Reporter da Agencia Brasil\" \/>\n\t<meta name=\"twitter:label2\" content=\"Est. tempo de leitura\" \/>\n\t<meta name=\"twitter:data2\" content=\"2 minutos\" \/>\n<script type=\"application\/ld+json\" class=\"yoast-schema-graph\">{\"@context\":\"https:\\\/\\\/schema.org\",\"@graph\":[{\"@type\":\"Article\",\"@id\":\"https:\\\/\\\/divulguems.com.br\\\/?p=23344#article\",\"isPartOf\":{\"@id\":\"https:\\\/\\\/divulguems.com.br\\\/?p=23344\"},\"author\":{\"name\":\"Letycia Treitero Kawada - Reporter da Agencia Brasil\",\"@id\":\"https:\\\/\\\/divulguems.com.br\\\/#\\\/schema\\\/person\\\/d901f03e691fd63b8b5544bce8d953c3\"},\"headline\":\"Novo campus da UFSCar ter\u00e1 bacharelados interdisciplinares\",\"datePublished\":\"2026-09-05T23:57:41+00:00\",\"mainEntityOfPage\":{\"@id\":\"https:\\\/\\\/divulguems.com.br\\\/?p=23344\"},\"wordCount\":337,\"commentCount\":0,\"publisher\":{\"@id\":\"https:\\\/\\\/divulguems.com.br\\\/#organization\"},\"image\":{\"@id\":\"https:\\\/\\\/divulguems.com.br\\\/?p=23344#primaryimage\"},\"thumbnailUrl\":\"https:\\\/\\\/divulguems.com.br\\\/wp-content\\\/uploads\\\/2026\\\/09\\\/23344-novo-campus-da-ufscar-tera-bacharelados-interdisciplinares.jpg\",\"articleSection\":[\"Seguran\u00e7a e Justi\u00e7a\"],\"inLanguage\":\"pt-BR\",\"potentialAction\":[{\"@type\":\"CommentAction\",\"name\":\"Comment\",\"target\":[\"https:\\\/\\\/divulguems.com.br\\\/?p=23344#respond\"]}]},{\"@type\":\"WebPage\",\"@id\":\"https:\\\/\\\/divulguems.com.br\\\/?p=23344\",\"url\":\"https:\\\/\\\/divulguems.com.br\\\/?p=23344\",\"name\":\"Novo campus da UFSCar ter\u00e1 bacharelados interdisciplinares - Divulgue MS\",\"isPartOf\":{\"@id\":\"https:\\\/\\\/divulguems.com.br\\\/#website\"},\"primaryImageOfPage\":{\"@id\":\"https:\\\/\\\/divulguems.com.br\\\/?p=23344#primaryimage\"},\"image\":{\"@id\":\"https:\\\/\\\/divulguems.com.br\\\/?p=23344#primaryimage\"},\"thumbnailUrl\":\"https:\\\/\\\/divulguems.com.br\\\/wp-content\\\/uploads\\\/2026\\\/09\\\/23344-novo-campus-da-ufscar-tera-bacharelados-interdisciplinares.jpg\",\"datePublished\":\"2026-09-05T23:57:41+00:00\",\"breadcrumb\":{\"@id\":\"https:\\\/\\\/divulguems.com.br\\\/?p=23344#breadcrumb\"},\"inLanguage\":\"pt-BR\",\"potentialAction\":[{\"@type\":\"ReadAction\",\"target\":[\"https:\\\/\\\/divulguems.com.br\\\/?p=23344\"]}]},{\"@type\":\"ImageObject\",\"inLanguage\":\"pt-BR\",\"@id\":\"https:\\\/\\\/divulguems.com.br\\\/?p=23344#primaryimage\",\"url\":\"https:\\\/\\\/divulguems.com.br\\\/wp-content\\\/uploads\\\/2026\\\/09\\\/23344-novo-campus-da-ufscar-tera-bacharelados-interdisciplinares.jpg\",\"contentUrl\":\"https:\\\/\\\/divulguems.com.br\\\/wp-content\\\/uploads\\\/2026\\\/09\\\/23344-novo-campus-da-ufscar-tera-bacharelados-interdisciplinares.jpg\",\"width\":1600,\"height\":800,\"caption\":\"Novo campus da UFSCar ter\u00e1 bacharelados interdisciplinares\"},{\"@type\":\"BreadcrumbList\",\"@id\":\"https:\\\/\\\/divulguems.com.br\\\/?p=23344#breadcrumb\",\"itemListElement\":[{\"@type\":\"ListItem\",\"position\":1,\"name\":\"In\u00edcio\",\"item\":\"https:\\\/\\\/divulguems.com.br\\\/\"},{\"@type\":\"ListItem\",\"position\":2,\"name\":\"Novo campus da UFSCar ter\u00e1 bacharelados interdisciplinares\"}]},{\"@type\":\"WebSite\",\"@id\":\"https:\\\/\\\/divulguems.com.br\\\/#website\",\"url\":\"https:\\\/\\\/divulguems.com.br\\\/\",\"name\":\"Portal Infoco Brasil\",\"description\":\"L\u00edder de audi\u00eancia.\",\"publisher\":{\"@id\":\"https:\\\/\\\/divulguems.com.br\\\/#organization\"},\"potentialAction\":[{\"@type\":\"SearchAction\",\"target\":{\"@type\":\"EntryPoint\",\"urlTemplate\":\"https:\\\/\\\/divulguems.com.br\\\/?s={search_term_string}\"},\"query-input\":{\"@type\":\"PropertyValueSpecification\",\"valueRequired\":true,\"valueName\":\"search_term_string\"}}],\"inLanguage\":\"pt-BR\"},{\"@type\":\"Organization\",\"@id\":\"https:\\\/\\\/divulguems.com.br\\\/#organization\",\"name\":\"Portal Infoco Brasil\",\"url\":\"https:\\\/\\\/divulguems.com.br\\\/\",\"logo\":{\"@type\":\"ImageObject\",\"inLanguage\":\"pt-BR\",\"@id\":\"https:\\\/\\\/divulguems.com.br\\\/#\\\/schema\\\/logo\\\/image\\\/\",\"url\":\"https:\\\/\\\/divulguems.com.br\\\/wp-content\\\/uploads\\\/2025\\\/04\\\/LOGO-PNG-AZUL.png\",\"contentUrl\":\"https:\\\/\\\/divulguems.com.br\\\/wp-content\\\/uploads\\\/2025\\\/04\\\/LOGO-PNG-AZUL.png\",\"width\":1166,\"height\":475,\"caption\":\"Portal Infoco Brasil\"},\"image\":{\"@id\":\"https:\\\/\\\/divulguems.com.br\\\/#\\\/schema\\\/logo\\\/image\\\/\"},\"sameAs\":[\"https:\\\/\\\/www.facebook.com\\\/portalinfocobrasil\",\"https:\\\/\\\/www.instagram.com\\\/portalinfocobrasil\"]},{\"@type\":\"Person\",\"@id\":\"https:\\\/\\\/divulguems.com.br\\\/#\\\/schema\\\/person\\\/d901f03e691fd63b8b5544bce8d953c3\",\"name\":\"Letycia Treitero Kawada - Reporter da Agencia Brasil\",\"image\":{\"@type\":\"ImageObject\",\"inLanguage\":\"pt-BR\",\"@id\":\"https:\\\/\\\/secure.gravatar.com\\\/avatar\\\/0ffe2c36a31e9e14b3a73ae045897dfc8ac91b1caa6002d19fb718ccee6ec502?s=96&d=mm&r=g\",\"url\":\"https:\\\/\\\/secure.gravatar.com\\\/avatar\\\/0ffe2c36a31e9e14b3a73ae045897dfc8ac91b1caa6002d19fb718ccee6ec502?s=96&d=mm&r=g\",\"contentUrl\":\"https:\\\/\\\/secure.gravatar.com\\\/avatar\\\/0ffe2c36a31e9e14b3a73ae045897dfc8ac91b1caa6002d19fb718ccee6ec502?s=96&d=mm&r=g\",\"caption\":\"Letycia Treitero Kawada - Reporter da Agencia Brasil\"},\"url\":\"https:\\\/\\\/divulguems.com.br\\\/?author=639\"}]}<\/script>\n<!-- \/ Yoast SEO Premium plugin. -->","yoast_head_json":{"title":"Novo campus da UFSCar ter\u00e1 bacharelados interdisciplinares - Divulgue MS","robots":{"index":"index","follow":"follow","max-snippet":"max-snippet:-1","max-image-preview":"max-image-preview:large","max-video-preview":"max-video-preview:-1"},"canonical":"https:\/\/divulguems.com.br\/?p=23344","og_locale":"pt_BR","og_type":"article","og_title":"Novo campus da UFSCar ter\u00e1 bacharelados interdisciplinares","og_description":"A Universidade Federal de S\u00e3o Carlos (UFSCar), no munic\u00edpio de S\u00e3o Jos\u00e9 do Rio Preto (SP), ter\u00e1 uma nova sede. O edif\u00edcio, antes uma f\u00e1brica, tem 11 mil metros quadrados de \u00e1rea constru\u00edda, estruturada em dois pavimentos, e dever\u00e1 passar por reformas para acomodar adequadamente a comunidade acad\u00eamica. Os 90 estudantes est\u00e3o acompanhando as aulas [&hellip;]","og_url":"https:\/\/divulguems.com.br\/?p=23344","og_site_name":"Divulgue MS","article_publisher":"https:\/\/www.facebook.com\/portalinfocobrasil","article_published_time":"2026-09-05T23:57:41+00:00","og_image":[{"url":"https:\/\/agenciabrasil.ebc.com.br\/ebc.png?id=1701659&o=rss","type":"","width":"","height":""}],"author":"Letycia Treitero Kawada - Reporter da Agencia Brasil","twitter_card":"summary_large_image","twitter_misc":{"Escrito por":"Letycia Treitero Kawada - Reporter da Agencia Brasil","Est. tempo de leitura":"2 minutos"},"schema":{"@context":"https:\/\/schema.org","@graph":[{"@type":"Article","@id":"https:\/\/divulguems.com.br\/?p=23344#article","isPartOf":{"@id":"https:\/\/divulguems.com.br\/?p=23344"},"author":{"name":"Letycia Treitero Kawada - Reporter da Agencia Brasil","@id":"https:\/\/divulguems.com.br\/#\/schema\/person\/d901f03e691fd63b8b5544bce8d953c3"},"headline":"Novo campus da UFSCar ter\u00e1 bacharelados interdisciplinares","datePublished":"2026-09-05T23:57:41+00:00","mainEntityOfPage":{"@id":"https:\/\/divulguems.com.br\/?p=23344"},"wordCount":337,"commentCount":0,"publisher":{"@id":"https:\/\/divulguems.com.br\/#organization"},"image":{"@id":"https:\/\/divulguems.com.br\/?p=23344#primaryimage"},"thumbnailUrl":"https:\/\/divulguems.com.br\/wp-content\/uploads\/2026\/09\/23344-novo-campus-da-ufscar-tera-bacharelados-interdisciplinares.jpg","articleSection":["Seguran\u00e7a e Justi\u00e7a"],"inLanguage":"pt-BR","potentialAction":[{"@type":"CommentAction","name":"Comment","target":["https:\/\/divulguems.com.br\/?p=23344#respond"]}]},{"@type":"WebPage","@id":"https:\/\/divulguems.com.br\/?p=23344","url":"https:\/\/divulguems.com.br\/?p=23344","name":"Novo campus da UFSCar ter\u00e1 bacharelados interdisciplinares - Divulgue MS","isPartOf":{"@id":"https:\/\/divulguems.com.br\/#website"},"primaryImageOfPage":{"@id":"https:\/\/divulguems.com.br\/?p=23344#primaryimage"},"image":{"@id":"https:\/\/divulguems.com.br\/?p=23344#primaryimage"},"thumbnailUrl":"https:\/\/divulguems.com.br\/wp-content\/uploads\/2026\/09\/23344-novo-campus-da-ufscar-tera-bacharelados-interdisciplinares.jpg","datePublished":"2026-09-05T23:57:41+00:00","breadcrumb":{"@id":"https:\/\/divulguems.com.br\/?p=23344#breadcrumb"},"inLanguage":"pt-BR","potentialAction":[{"@type":"ReadAction","target":["https:\/\/divulguems.com.br\/?p=23344"]}]},{"@type":"ImageObject","inLanguage":"pt-BR","@id":"https:\/\/divulguems.com.br\/?p=23344#primaryimage","url":"https:\/\/divulguems.com.br\/wp-content\/uploads\/2026\/09\/23344-novo-campus-da-ufscar-tera-bacharelados-interdisciplinares.jpg","contentUrl":"https:\/\/divulguems.com.br\/wp-content\/uploads\/2026\/09\/23344-novo-campus-da-ufscar-tera-bacharelados-interdisciplinares.jpg","width":1600,"height":800,"caption":"Novo campus da UFSCar ter\u00e1 bacharelados interdisciplinares"},{"@type":"BreadcrumbList","@id":"https:\/\/divulguems.com.br\/?p=23344#breadcrumb","itemListElement":[{"@type":"ListItem","position":1,"name":"In\u00edcio","item":"https:\/\/divulguems.com.br\/"},{"@type":"ListItem","position":2,"name":"Novo campus da UFSCar ter\u00e1 bacharelados interdisciplinares"}]},{"@type":"WebSite","@id":"https:\/\/divulguems.com.br\/#website","url":"https:\/\/divulguems.com.br\/","name":"Portal Infoco Brasil","description":"L\u00edder de audi\u00eancia.","publisher":{"@id":"https:\/\/divulguems.com.br\/#organization"},"potentialAction":[{"@type":"SearchAction","target":{"@type":"EntryPoint","urlTemplate":"https:\/\/divulguems.com.br\/?s={search_term_string}"},"query-input":{"@type":"PropertyValueSpecification","valueRequired":true,"valueName":"search_term_string"}}],"inLanguage":"pt-BR"},{"@type":"Organization","@id":"https:\/\/divulguems.com.br\/#organization","name":"Portal Infoco Brasil","url":"https:\/\/divulguems.com.br\/","logo":{"@type":"ImageObject","inLanguage":"pt-BR","@id":"https:\/\/divulguems.com.br\/#\/schema\/logo\/image\/","url":"https:\/\/divulguems.com.br\/wp-content\/uploads\/2025\/04\/LOGO-PNG-AZUL.png","contentUrl":"https:\/\/divulguems.com.br\/wp-content\/uploads\/2025\/04\/LOGO-PNG-AZUL.png","width":1166,"height":475,"caption":"Portal Infoco Brasil"},"image":{"@id":"https:\/\/divulguems.com.br\/#\/schema\/logo\/image\/"},"sameAs":["https:\/\/www.facebook.com\/portalinfocobrasil","https:\/\/www.instagram.com\/portalinfocobrasil"]},{"@type":"Person","@id":"https:\/\/divulguems.com.br\/#\/schema\/person\/d901f03e691fd63b8b5544bce8d953c3","name":"Letycia Treitero Kawada - Reporter da Agencia Brasil","image":{"@type":"ImageObject","inLanguage":"pt-BR","@id":"https:\/\/secure.gravatar.com\/avatar\/0ffe2c36a31e9e14b3a73ae045897dfc8ac91b1caa6002d19fb718ccee6ec502?s=96&d=mm&r=g","url":"https:\/\/secure.gravatar.com\/avatar\/0ffe2c36a31e9e14b3a73ae045897dfc8ac91b1caa6002d19fb718ccee6ec502?s=96&d=mm&r=g","contentUrl":"https:\/\/secure.gravatar.com\/avatar\/0ffe2c36a31e9e14b3a73ae045897dfc8ac91b1caa6002d19fb718ccee6ec502?s=96&d=mm&r=g","caption":"Letycia Treitero Kawada - Reporter da Agencia Brasil"},"url":"https:\/\/divulguems.com.br\/?author=639"}]}},"_links":{"self":[{"href":"https:\/\/divulguems.com.br\/index.php?rest_route=\/wp\/v2\/posts\/23344","targetHints":{"allow":["GET"]}}],"collection":[{"href":"https:\/\/divulguems.com.br\/index.php?rest_route=\/wp\/v2\/posts"}],"about":[{"href":"https:\/\/divulguems.com.br\/index.php?rest_route=\/wp\/v2\/types\/post"}],"author":[{"embeddable":true,"href":"https:\/\/divulguems.com.br\/index.php?rest_route=\/wp\/v2\/users\/639"}],"replies":[{"embeddable":true,"href":"https:\/\/divulguems.com.br\/index.php?rest_route=%2Fwp%2Fv2%2Fcomments&post=23344"}],"version-history":[{"count":0,"href":"https:\/\/divulguems.com.br\/index.php?rest_route=\/wp\/v2\/posts\/23344\/revisions"}],"wp:featuredmedia":[{"embeddable":true,"href":"https:\/\/divulguems.com.br\/index.php?rest_route=\/wp\/v2\/media\/23345"}],"wp:attachment":[{"href":"https:\/\/divulguems.com.br\/index.php?rest_route=%2Fwp%2Fv2%2Fmedia&parent=23344"}],"wp:term":[{"taxonomy":"category","embeddable":true,"href":"https:\/\/divulguems.com.br\/index.php?rest_route=%2Fwp%2Fv2%2Fcategories&post=23344"},{"taxonomy":"post_tag","embeddable":true,"href":"https:\/\/divulguems.com.br\/index.php?rest_route=%2Fwp%2Fv2%2Ftags&post=23344"}],"curies":[{"name":"wp","href":"https:\/\/api.w.org\/{rel}","templated":true}]}}