{"id":23352,"date":"2026-09-05T23:49:32","date_gmt":"2026-09-06T03:49:32","guid":{"rendered":"https:\/\/divulguems.com.br\/?p=23352"},"modified":"2026-09-05T23:49:32","modified_gmt":"2026-09-06T03:49:32","slug":"feriado-prolongado-sera-de-chuva-em-parte-do-pais","status":"publish","type":"post","link":"https:\/\/divulguems.com.br\/?p=23352","title":{"rendered":"Feriado prolongado ser\u00e1 de chuva em parte do pa\u00eds"},"content":{"rendered":"<p>Fim de semana de feriad\u00e3o. E pra quem est\u00e1 de olho no 7 de setembro, prepare-se. A previs\u00e3o do Instituto Nacional de Meteorologia \u00e9 de chuva em parte do pa\u00eds.<img decoding=\"async\" src=\"https:\/\/agenciabrasil.ebc.com.br\/ebc.png?id=1701630&#038;o=rss\"><img decoding=\"async\" src=\"https:\/\/agenciabrasil.ebc.com.br\/ebc.gif?id=1701630&#038;o=rss\"><\/p>\n<p>Na regi\u00e3o Norte, nuvens e chuvas isoladas com\u00a0Acre e Rond\u00f4nia ainda com aviso amarelo de perigo potencial de queda de temperatura,\u00a0assim como no Nordeste, com exce\u00e7\u00e3o de\u00a0Cear\u00e1,\u00a0Rio Grande do Norte e\u00a0parte do Piau\u00ed &#8211; que vai ser ensolarado e com poucas nuvens.<\/p>\n<p>No Sudeste, o 7 de setembro vai ser com poucas nuvens em Minas com possibilidade de chuva e avan\u00e7o da frente fria em parte de S\u00e3o Paulo, Rio e Esp\u00edrito Santo. E fica mantido o aviso amarelo de queda de temperatura.<\/p>\n<p>No Sul, geada no Rio Grande do Sul, Santa Catarina e parte do Paran\u00e1 nas primeiras horas do dia.\u00a0Em Curitiba, a temperatura n\u00e3o deve passar dos 15\u00b0C. No Centro Oeste, ar frio e seco em quase toda regi\u00e3o. Nuvens, mas sem chuva.<\/p>\n<p>Em Bras\u00edlia, est\u00e1 mantido o calor\u00e3o e a umidade do ar mais baixa. Quem pretende ir para a Esplanada ver o desfile deve se preparar. Levar \u00e1gua, bon\u00e9, leque. Tudo que d\u00ea pra aliviar o calor. Ali\u00e1s, falando do desfile: tudo pronto por l\u00e1. Neste s\u00e1bado (5) foram feitos testes e marca\u00e7\u00f5es de vendedores ambulantes. \u00c0 noite ser\u00e3o colocadas as barreiras para desvios e fechamento de pistas. A orienta\u00e7\u00e3o \u00e9 para as pessoas chegarem cedo e passarem pelos anexos dos minist\u00e9rios. Vai ter revista e refor\u00e7o no policiamento. O desfile deve ser curtinho; come\u00e7a \u00e0s 9h e vai at\u00e9 \u00e0s 11h.<br \/>\n\u00a0<\/p>\n<p>  <span class=\"hms hms-format-m-ss\">1:54<\/span><\/p>\n","protected":false},"excerpt":{"rendered":"<p>Fim de semana de feriad\u00e3o. E pra quem est\u00e1 de olho no 7 de setembro, prepare-se. A previs\u00e3o do Instituto Nacional de Meteorologia \u00e9 de chuva em parte do pa\u00eds. Na regi\u00e3o Norte, nuvens e chuvas isoladas com\u00a0Acre e Rond\u00f4nia ainda com aviso amarelo de perigo potencial de queda de temperatura,\u00a0assim como no Nordeste, com [&hellip;]<\/p>\n","protected":false},"author":486,"featured_media":23353,"comment_status":"open","ping_status":"open","sticky":false,"template":"","format":"standard","meta":{"site-sidebar-layout":"default","site-content-layout":"","ast-site-content-layout":"default","site-content-style":"default","site-sidebar-style":"default","ast-global-header-display":"","ast-banner-title-visibility":"","ast-main-header-display":"","ast-hfb-above-header-display":"","ast-hfb-below-header-display":"","ast-hfb-mobile-header-display":"","site-post-title":"","ast-breadcrumbs-content":"","ast-featured-img":"","footer-sml-layout":"","ast-disable-related-posts":"","theme-transparent-header-meta":"","adv-header-id-meta":"","stick-header-meta":"","header-above-stick-meta":"","header-main-stick-meta":"","header-below-stick-meta":"","astra-migrate-meta-layouts":"default","ast-page-background-enabled":"default","ast-page-background-meta":{"desktop":{"background-color":"var(--ast-global-color-4)","background-image":"","background-repeat":"repeat","background-position":"center center","background-size":"auto","background-attachment":"scroll","background-type":"","background-media":"","overlay-type":"","overlay-color":"","overlay-opacity":"","overlay-gradient":""},"tablet":{"background-color":"","background-image":"","background-repeat":"repeat","background-position":"center center","background-size":"auto","background-attachment":"scroll","background-type":"","background-media":"","overlay-type":"","overlay-color":"","overlay-opacity":"","overlay-gradient":""},"mobile":{"background-color":"","background-image":"","background-repeat":"repeat","background-position":"center center","background-size":"auto","background-attachment":"scroll","background-type":"","background-media":"","overlay-type":"","overlay-color":"","overlay-opacity":"","overlay-gradient":""}},"ast-content-background-meta":{"desktop":{"background-color":"var(--ast-global-color-5)","background-image":"","background-repeat":"repeat","background-position":"center center","background-size":"auto","background-attachment":"scroll","background-type":"","background-media":"","overlay-type":"","overlay-color":"","overlay-opacity":"","overlay-gradient":""},"tablet":{"background-color":"var(--ast-global-color-5)","background-image":"","background-repeat":"repeat","background-position":"center center","background-size":"auto","background-attachment":"scroll","background-type":"","background-media":"","overlay-type":"","overlay-color":"","overlay-opacity":"","overlay-gradient":""},"mobile":{"background-color":"var(--ast-global-color-5)","background-image":"","background-repeat":"repeat","background-position":"center center","background-size":"auto","background-attachment":"scroll","background-type":"","background-media":"","overlay-type":"","overlay-color":"","overlay-opacity":"","overlay-gradient":""}},"footnotes":""},"categories":[6],"tags":[],"class_list":["post-23352","post","type-post","status-publish","format-standard","has-post-thumbnail","hentry","category-meio-ambiente-e-sustentabilidade"],"yoast_head":"<!-- This site is optimized with the Yoast SEO Premium plugin v23.6 (Yoast SEO v28.1) - https:\/\/yoast.com\/product\/yoast-seo-premium-wordpress\/ -->\n<title>Feriado prolongado ser\u00e1 de chuva em parte do pa\u00eds - Divulgue MS<\/title>\n<meta name=\"robots\" content=\"index, follow, max-snippet:-1, max-image-preview:large, max-video-preview:-1\" \/>\n<link rel=\"canonical\" href=\"https:\/\/divulguems.com.br\/?p=23352\" \/>\n<meta property=\"og:locale\" content=\"pt_BR\" \/>\n<meta property=\"og:type\" content=\"article\" \/>\n<meta property=\"og:title\" content=\"Feriado prolongado ser\u00e1 de chuva em parte do pa\u00eds\" \/>\n<meta property=\"og:description\" content=\"Fim de semana de feriad\u00e3o. E pra quem est\u00e1 de olho no 7 de setembro, prepare-se. A previs\u00e3o do Instituto Nacional de Meteorologia \u00e9 de chuva em parte do pa\u00eds. Na regi\u00e3o Norte, nuvens e chuvas isoladas com\u00a0Acre e Rond\u00f4nia ainda com aviso amarelo de perigo potencial de queda de temperatura,\u00a0assim como no Nordeste, com [&hellip;]\" \/>\n<meta property=\"og:url\" content=\"https:\/\/divulguems.com.br\/?p=23352\" \/>\n<meta property=\"og:site_name\" content=\"Divulgue MS\" \/>\n<meta property=\"article:publisher\" content=\"https:\/\/www.facebook.com\/portalinfocobrasil\" \/>\n<meta property=\"article:published_time\" content=\"2026-09-06T03:49:32+00:00\" \/>\n<meta property=\"og:image\" content=\"https:\/\/agenciabrasil.ebc.com.br\/ebc.png?id=1701630&o=rss\" \/>\n<meta name=\"author\" content=\"Priscilla Mazenotti - Reporter da Radio Nacional\" \/>\n<meta name=\"twitter:card\" content=\"summary_large_image\" \/>\n<meta name=\"twitter:label1\" content=\"Escrito por\" \/>\n\t<meta name=\"twitter:data1\" content=\"Priscilla Mazenotti - Reporter da Radio Nacional\" \/>\n\t<meta name=\"twitter:label2\" content=\"Est. tempo de leitura\" \/>\n\t<meta name=\"twitter:data2\" content=\"1 minuto\" \/>\n<script type=\"application\/ld+json\" class=\"yoast-schema-graph\">{\"@context\":\"https:\\\/\\\/schema.org\",\"@graph\":[{\"@type\":\"Article\",\"@id\":\"https:\\\/\\\/divulguems.com.br\\\/?p=23352#article\",\"isPartOf\":{\"@id\":\"https:\\\/\\\/divulguems.com.br\\\/?p=23352\"},\"author\":{\"name\":\"Priscilla Mazenotti - Reporter da Radio Nacional\",\"@id\":\"https:\\\/\\\/divulguems.com.br\\\/#\\\/schema\\\/person\\\/cafbf70bad6a7dccdc5687118b981653\"},\"headline\":\"Feriado prolongado ser\u00e1 de chuva em parte do pa\u00eds\",\"datePublished\":\"2026-09-06T03:49:32+00:00\",\"mainEntityOfPage\":{\"@id\":\"https:\\\/\\\/divulguems.com.br\\\/?p=23352\"},\"wordCount\":287,\"commentCount\":0,\"publisher\":{\"@id\":\"https:\\\/\\\/divulguems.com.br\\\/#organization\"},\"image\":{\"@id\":\"https:\\\/\\\/divulguems.com.br\\\/?p=23352#primaryimage\"},\"thumbnailUrl\":\"https:\\\/\\\/divulguems.com.br\\\/wp-content\\\/uploads\\\/2026\\\/09\\\/23352-feriado-prolongado-sera-de-chuva-em-parte-do-pais.jpg\",\"articleSection\":[\"Meio Ambiente e Sustentabilidade\"],\"inLanguage\":\"pt-BR\",\"potentialAction\":[{\"@type\":\"CommentAction\",\"name\":\"Comment\",\"target\":[\"https:\\\/\\\/divulguems.com.br\\\/?p=23352#respond\"]}]},{\"@type\":\"WebPage\",\"@id\":\"https:\\\/\\\/divulguems.com.br\\\/?p=23352\",\"url\":\"https:\\\/\\\/divulguems.com.br\\\/?p=23352\",\"name\":\"Feriado prolongado ser\u00e1 de chuva em parte do pa\u00eds - Divulgue MS\",\"isPartOf\":{\"@id\":\"https:\\\/\\\/divulguems.com.br\\\/#website\"},\"primaryImageOfPage\":{\"@id\":\"https:\\\/\\\/divulguems.com.br\\\/?p=23352#primaryimage\"},\"image\":{\"@id\":\"https:\\\/\\\/divulguems.com.br\\\/?p=23352#primaryimage\"},\"thumbnailUrl\":\"https:\\\/\\\/divulguems.com.br\\\/wp-content\\\/uploads\\\/2026\\\/09\\\/23352-feriado-prolongado-sera-de-chuva-em-parte-do-pais.jpg\",\"datePublished\":\"2026-09-06T03:49:32+00:00\",\"breadcrumb\":{\"@id\":\"https:\\\/\\\/divulguems.com.br\\\/?p=23352#breadcrumb\"},\"inLanguage\":\"pt-BR\",\"potentialAction\":[{\"@type\":\"ReadAction\",\"target\":[\"https:\\\/\\\/divulguems.com.br\\\/?p=23352\"]}]},{\"@type\":\"ImageObject\",\"inLanguage\":\"pt-BR\",\"@id\":\"https:\\\/\\\/divulguems.com.br\\\/?p=23352#primaryimage\",\"url\":\"https:\\\/\\\/divulguems.com.br\\\/wp-content\\\/uploads\\\/2026\\\/09\\\/23352-feriado-prolongado-sera-de-chuva-em-parte-do-pais.jpg\",\"contentUrl\":\"https:\\\/\\\/divulguems.com.br\\\/wp-content\\\/uploads\\\/2026\\\/09\\\/23352-feriado-prolongado-sera-de-chuva-em-parte-do-pais.jpg\",\"width\":1600,\"height\":800,\"caption\":\"Feriado prolongado ser\u00e1 de chuva em parte do pa\u00eds\"},{\"@type\":\"BreadcrumbList\",\"@id\":\"https:\\\/\\\/divulguems.com.br\\\/?p=23352#breadcrumb\",\"itemListElement\":[{\"@type\":\"ListItem\",\"position\":1,\"name\":\"In\u00edcio\",\"item\":\"https:\\\/\\\/divulguems.com.br\\\/\"},{\"@type\":\"ListItem\",\"position\":2,\"name\":\"Feriado prolongado ser\u00e1 de chuva em parte do pa\u00eds\"}]},{\"@type\":\"WebSite\",\"@id\":\"https:\\\/\\\/divulguems.com.br\\\/#website\",\"url\":\"https:\\\/\\\/divulguems.com.br\\\/\",\"name\":\"Portal Infoco Brasil\",\"description\":\"L\u00edder de audi\u00eancia.\",\"publisher\":{\"@id\":\"https:\\\/\\\/divulguems.com.br\\\/#organization\"},\"potentialAction\":[{\"@type\":\"SearchAction\",\"target\":{\"@type\":\"EntryPoint\",\"urlTemplate\":\"https:\\\/\\\/divulguems.com.br\\\/?s={search_term_string}\"},\"query-input\":{\"@type\":\"PropertyValueSpecification\",\"valueRequired\":true,\"valueName\":\"search_term_string\"}}],\"inLanguage\":\"pt-BR\"},{\"@type\":\"Organization\",\"@id\":\"https:\\\/\\\/divulguems.com.br\\\/#organization\",\"name\":\"Portal Infoco Brasil\",\"url\":\"https:\\\/\\\/divulguems.com.br\\\/\",\"logo\":{\"@type\":\"ImageObject\",\"inLanguage\":\"pt-BR\",\"@id\":\"https:\\\/\\\/divulguems.com.br\\\/#\\\/schema\\\/logo\\\/image\\\/\",\"url\":\"https:\\\/\\\/divulguems.com.br\\\/wp-content\\\/uploads\\\/2025\\\/04\\\/LOGO-PNG-AZUL.png\",\"contentUrl\":\"https:\\\/\\\/divulguems.com.br\\\/wp-content\\\/uploads\\\/2025\\\/04\\\/LOGO-PNG-AZUL.png\",\"width\":1166,\"height\":475,\"caption\":\"Portal Infoco Brasil\"},\"image\":{\"@id\":\"https:\\\/\\\/divulguems.com.br\\\/#\\\/schema\\\/logo\\\/image\\\/\"},\"sameAs\":[\"https:\\\/\\\/www.facebook.com\\\/portalinfocobrasil\",\"https:\\\/\\\/www.instagram.com\\\/portalinfocobrasil\"]},{\"@type\":\"Person\",\"@id\":\"https:\\\/\\\/divulguems.com.br\\\/#\\\/schema\\\/person\\\/cafbf70bad6a7dccdc5687118b981653\",\"name\":\"Priscilla Mazenotti - Reporter da Radio Nacional\",\"image\":{\"@type\":\"ImageObject\",\"inLanguage\":\"pt-BR\",\"@id\":\"https:\\\/\\\/secure.gravatar.com\\\/avatar\\\/2ad7d5a9390dade130a2d6c6682d3b5775f2844405859612a7874a46e4f4b64a?s=96&d=mm&r=g\",\"url\":\"https:\\\/\\\/secure.gravatar.com\\\/avatar\\\/2ad7d5a9390dade130a2d6c6682d3b5775f2844405859612a7874a46e4f4b64a?s=96&d=mm&r=g\",\"contentUrl\":\"https:\\\/\\\/secure.gravatar.com\\\/avatar\\\/2ad7d5a9390dade130a2d6c6682d3b5775f2844405859612a7874a46e4f4b64a?s=96&d=mm&r=g\",\"caption\":\"Priscilla Mazenotti - Reporter da Radio Nacional\"},\"url\":\"https:\\\/\\\/divulguems.com.br\\\/?author=486\"}]}<\/script>\n<!-- \/ Yoast SEO Premium plugin. -->","yoast_head_json":{"title":"Feriado prolongado ser\u00e1 de chuva em parte do pa\u00eds - Divulgue MS","robots":{"index":"index","follow":"follow","max-snippet":"max-snippet:-1","max-image-preview":"max-image-preview:large","max-video-preview":"max-video-preview:-1"},"canonical":"https:\/\/divulguems.com.br\/?p=23352","og_locale":"pt_BR","og_type":"article","og_title":"Feriado prolongado ser\u00e1 de chuva em parte do pa\u00eds","og_description":"Fim de semana de feriad\u00e3o. E pra quem est\u00e1 de olho no 7 de setembro, prepare-se. A previs\u00e3o do Instituto Nacional de Meteorologia \u00e9 de chuva em parte do pa\u00eds. Na regi\u00e3o Norte, nuvens e chuvas isoladas com\u00a0Acre e Rond\u00f4nia ainda com aviso amarelo de perigo potencial de queda de temperatura,\u00a0assim como no Nordeste, com [&hellip;]","og_url":"https:\/\/divulguems.com.br\/?p=23352","og_site_name":"Divulgue MS","article_publisher":"https:\/\/www.facebook.com\/portalinfocobrasil","article_published_time":"2026-09-06T03:49:32+00:00","og_image":[{"url":"https:\/\/agenciabrasil.ebc.com.br\/ebc.png?id=1701630&o=rss","type":"","width":"","height":""}],"author":"Priscilla Mazenotti - Reporter da Radio Nacional","twitter_card":"summary_large_image","twitter_misc":{"Escrito por":"Priscilla Mazenotti - Reporter da Radio Nacional","Est. tempo de leitura":"1 minuto"},"schema":{"@context":"https:\/\/schema.org","@graph":[{"@type":"Article","@id":"https:\/\/divulguems.com.br\/?p=23352#article","isPartOf":{"@id":"https:\/\/divulguems.com.br\/?p=23352"},"author":{"name":"Priscilla Mazenotti - Reporter da Radio Nacional","@id":"https:\/\/divulguems.com.br\/#\/schema\/person\/cafbf70bad6a7dccdc5687118b981653"},"headline":"Feriado prolongado ser\u00e1 de chuva em parte do pa\u00eds","datePublished":"2026-09-06T03:49:32+00:00","mainEntityOfPage":{"@id":"https:\/\/divulguems.com.br\/?p=23352"},"wordCount":287,"commentCount":0,"publisher":{"@id":"https:\/\/divulguems.com.br\/#organization"},"image":{"@id":"https:\/\/divulguems.com.br\/?p=23352#primaryimage"},"thumbnailUrl":"https:\/\/divulguems.com.br\/wp-content\/uploads\/2026\/09\/23352-feriado-prolongado-sera-de-chuva-em-parte-do-pais.jpg","articleSection":["Meio Ambiente e Sustentabilidade"],"inLanguage":"pt-BR","potentialAction":[{"@type":"CommentAction","name":"Comment","target":["https:\/\/divulguems.com.br\/?p=23352#respond"]}]},{"@type":"WebPage","@id":"https:\/\/divulguems.com.br\/?p=23352","url":"https:\/\/divulguems.com.br\/?p=23352","name":"Feriado prolongado ser\u00e1 de chuva em parte do pa\u00eds - Divulgue MS","isPartOf":{"@id":"https:\/\/divulguems.com.br\/#website"},"primaryImageOfPage":{"@id":"https:\/\/divulguems.com.br\/?p=23352#primaryimage"},"image":{"@id":"https:\/\/divulguems.com.br\/?p=23352#primaryimage"},"thumbnailUrl":"https:\/\/divulguems.com.br\/wp-content\/uploads\/2026\/09\/23352-feriado-prolongado-sera-de-chuva-em-parte-do-pais.jpg","datePublished":"2026-09-06T03:49:32+00:00","breadcrumb":{"@id":"https:\/\/divulguems.com.br\/?p=23352#breadcrumb"},"inLanguage":"pt-BR","potentialAction":[{"@type":"ReadAction","target":["https:\/\/divulguems.com.br\/?p=23352"]}]},{"@type":"ImageObject","inLanguage":"pt-BR","@id":"https:\/\/divulguems.com.br\/?p=23352#primaryimage","url":"https:\/\/divulguems.com.br\/wp-content\/uploads\/2026\/09\/23352-feriado-prolongado-sera-de-chuva-em-parte-do-pais.jpg","contentUrl":"https:\/\/divulguems.com.br\/wp-content\/uploads\/2026\/09\/23352-feriado-prolongado-sera-de-chuva-em-parte-do-pais.jpg","width":1600,"height":800,"caption":"Feriado prolongado ser\u00e1 de chuva em parte do pa\u00eds"},{"@type":"BreadcrumbList","@id":"https:\/\/divulguems.com.br\/?p=23352#breadcrumb","itemListElement":[{"@type":"ListItem","position":1,"name":"In\u00edcio","item":"https:\/\/divulguems.com.br\/"},{"@type":"ListItem","position":2,"name":"Feriado prolongado ser\u00e1 de chuva em parte do pa\u00eds"}]},{"@type":"WebSite","@id":"https:\/\/divulguems.com.br\/#website","url":"https:\/\/divulguems.com.br\/","name":"Portal Infoco Brasil","description":"L\u00edder de audi\u00eancia.","publisher":{"@id":"https:\/\/divulguems.com.br\/#organization"},"potentialAction":[{"@type":"SearchAction","target":{"@type":"EntryPoint","urlTemplate":"https:\/\/divulguems.com.br\/?s={search_term_string}"},"query-input":{"@type":"PropertyValueSpecification","valueRequired":true,"valueName":"search_term_string"}}],"inLanguage":"pt-BR"},{"@type":"Organization","@id":"https:\/\/divulguems.com.br\/#organization","name":"Portal Infoco Brasil","url":"https:\/\/divulguems.com.br\/","logo":{"@type":"ImageObject","inLanguage":"pt-BR","@id":"https:\/\/divulguems.com.br\/#\/schema\/logo\/image\/","url":"https:\/\/divulguems.com.br\/wp-content\/uploads\/2025\/04\/LOGO-PNG-AZUL.png","contentUrl":"https:\/\/divulguems.com.br\/wp-content\/uploads\/2025\/04\/LOGO-PNG-AZUL.png","width":1166,"height":475,"caption":"Portal Infoco Brasil"},"image":{"@id":"https:\/\/divulguems.com.br\/#\/schema\/logo\/image\/"},"sameAs":["https:\/\/www.facebook.com\/portalinfocobrasil","https:\/\/www.instagram.com\/portalinfocobrasil"]},{"@type":"Person","@id":"https:\/\/divulguems.com.br\/#\/schema\/person\/cafbf70bad6a7dccdc5687118b981653","name":"Priscilla Mazenotti - Reporter da Radio Nacional","image":{"@type":"ImageObject","inLanguage":"pt-BR","@id":"https:\/\/secure.gravatar.com\/avatar\/2ad7d5a9390dade130a2d6c6682d3b5775f2844405859612a7874a46e4f4b64a?s=96&d=mm&r=g","url":"https:\/\/secure.gravatar.com\/avatar\/2ad7d5a9390dade130a2d6c6682d3b5775f2844405859612a7874a46e4f4b64a?s=96&d=mm&r=g","contentUrl":"https:\/\/secure.gravatar.com\/avatar\/2ad7d5a9390dade130a2d6c6682d3b5775f2844405859612a7874a46e4f4b64a?s=96&d=mm&r=g","caption":"Priscilla Mazenotti - Reporter da Radio Nacional"},"url":"https:\/\/divulguems.com.br\/?author=486"}]}},"_links":{"self":[{"href":"https:\/\/divulguems.com.br\/index.php?rest_route=\/wp\/v2\/posts\/23352","targetHints":{"allow":["GET"]}}],"collection":[{"href":"https:\/\/divulguems.com.br\/index.php?rest_route=\/wp\/v2\/posts"}],"about":[{"href":"https:\/\/divulguems.com.br\/index.php?rest_route=\/wp\/v2\/types\/post"}],"author":[{"embeddable":true,"href":"https:\/\/divulguems.com.br\/index.php?rest_route=\/wp\/v2\/users\/486"}],"replies":[{"embeddable":true,"href":"https:\/\/divulguems.com.br\/index.php?rest_route=%2Fwp%2Fv2%2Fcomments&post=23352"}],"version-history":[{"count":0,"href":"https:\/\/divulguems.com.br\/index.php?rest_route=\/wp\/v2\/posts\/23352\/revisions"}],"wp:featuredmedia":[{"embeddable":true,"href":"https:\/\/divulguems.com.br\/index.php?rest_route=\/wp\/v2\/media\/23353"}],"wp:attachment":[{"href":"https:\/\/divulguems.com.br\/index.php?rest_route=%2Fwp%2Fv2%2Fmedia&parent=23352"}],"wp:term":[{"taxonomy":"category","embeddable":true,"href":"https:\/\/divulguems.com.br\/index.php?rest_route=%2Fwp%2Fv2%2Fcategories&post=23352"},{"taxonomy":"post_tag","embeddable":true,"href":"https:\/\/divulguems.com.br\/index.php?rest_route=%2Fwp%2Fv2%2Ftags&post=23352"}],"curies":[{"name":"wp","href":"https:\/\/api.w.org\/{rel}","templated":true}]}}